{"id":1085,"date":"2017-06-06T21:03:19","date_gmt":"2017-06-06T20:03:19","guid":{"rendered":"http:\/\/WWW.derivesdansleglisecatholique.fr\/?p=1085"},"modified":"2017-06-06T21:09:39","modified_gmt":"2017-06-06T20:09:39","slug":"scandale-dune-institution","status":"publish","type":"post","link":"http:\/\/WWW.derivesdansleglisecatholique.fr\/?p=1085","title":{"rendered":"Le scandale d\u2019une institution"},"content":{"rendered":"<p><strong><span style=\"color: #ffcc99;\">.<\/span><br \/>\n<\/strong><\/p>\n<p style=\"padding-left: 30px;\"><span style=\"font-family: times new roman,times,serif; font-size: 12pt;\">Sur France 3 r\u00e9gion et France infos Occitanie, on peut regarder cet article\u00a0:<\/span><\/p>\n<p style=\"padding-left: 30px;\"><span style=\"color: #ffcc99;\">.<\/span><\/p>\n<p style=\"padding-left: 30px;\"><span style=\"font-family: times new roman,times,serif; font-size: 10pt;\"><a href=\"http:\/\/france3-regions.francetvinfo.fr\/occitanie\/gers\/auch\/pedophilie-eglise-archeveque-auch-cite-comparaitre-septembre-victimes-1259375.html#xtor=EPR-521-[france3regions]-20170523-[info-bouton1\">http:\/\/france3-regions.francetvinfo.fr\/occitanie\/gers\/auch\/pedophilie-eglise-archeveque-auch-cite-comparaitre-septembre-victimes-1259375.html#xtor=EPR-521-[france3regions]-20170523-[info-bouton1<\/a>]<\/span><\/p>\n<p style=\"padding-left: 30px;\"><span style=\"color: #ffcc99;\">.<\/span><\/p>\n<p style=\"padding-left: 30px;\"><span style=\"font-family: times new roman,times,serif; font-size: 12pt; color: #0000ff;\"><strong>\u00ab\u00a0P\u00e9dophilie dans l&rsquo;Eglise: l&rsquo;archev\u00eaque d&rsquo;Auch cit\u00e9 \u00e0 compara\u00eetre en septembre par des victimes\u00a0\u00bb<\/strong><\/span><\/p>\n<p style=\"padding-left: 30px;\"><span style=\"font-family: times new roman,times,serif; font-size: 12pt;\"><em>\u00ab\u00a0L&rsquo;archev\u00eaque d&rsquo;Auch, Maurice Gard\u00e8s, le cardinal Philippe Barbarin et cinq autres personnes sont cit\u00e9s \u00e0 compara\u00eetre en septembre devant le tribunal correctionnel de Lyon par des victimes d&rsquo;agressions sexuelles au sein de l&rsquo;Eglise.\u00a0<\/em><\/span><\/p>\n<p style=\"padding-left: 30px;\"><span style=\"font-family: times new roman,times,serif; font-size: 12pt;\"><em>Par MP + AFP Publi\u00e9 le 23\/05\/2017 \u00e0 12:00\u00a0Mis \u00e0 jour le 23\/05\/2017 \u00e0 12:01<\/em><\/span><\/p>\n<p style=\"padding-left: 30px;\"><span style=\"color: #ffcc99;\">.<\/span><\/p>\n<p style=\"padding-left: 30px;\"><span style=\"font-family: times new roman,times,serif; font-size: 12pt;\"><em>Ces victimes leur reprochent de ne pas avoir d\u00e9nonc\u00e9 ces faits \u00e0 la justice, ont annonc\u00e9 mardi leurs avocats.<\/em><\/span><\/p>\n<p style=\"padding-left: 30px;\"><span style=\"color: #ffcc99;\">.<\/span><\/p>\n<p style=\"padding-left: 30px;\"><span style=\"font-size: 12pt;\"><strong><span style=\"font-family: times new roman,times,serif;\">Premi\u00e8re audience le 19 septembre<\/span><\/strong><\/span><\/p>\n<p style=\"padding-left: 30px;\"><span style=\"color: #ffcc99;\">.<\/span><br \/>\n<span style=\"font-family: times new roman,times,serif; font-size: 12pt;\"> Cette proc\u00e9dure de citation directe intervient apr\u00e8s le classement sans suite il y a dix mois d&rsquo;une enqu\u00eate pr\u00e9liminaire diligent\u00e9e sur ce dossier par le parquet de Lyon.<\/span><br \/>\n<span style=\"font-family: times new roman,times,serif; font-size: 12pt;\"> La citation a \u00e9t\u00e9 d\u00e9livr\u00e9e ce mardi matin par huissier, comme le veut la proc\u00e9dure. Une premi\u00e8re audience dite \u00ab\u00a0de consignation\u00a0\u00bb a \u00e9t\u00e9 fix\u00e9e au 19 septembre devant le tribunal correctionnel de Lyon, ont indiqu\u00e9 ces avocats lors d&rsquo;une conf\u00e9rence de presse \u00e0 Villeurbanne.<\/span><\/p>\n<p style=\"padding-left: 30px;\"><span style=\"color: #ffcc99;\">.<\/span><\/p>\n<p style=\"padding-left: 30px;\"><span style=\"font-size: 12pt;\"><strong><span style=\"font-family: times new roman,times,serif;\">Du fait de dix victimes<\/span><\/strong><\/span><\/p>\n<p style=\"padding-left: 30px;\"><span style=\"color: #ffcc99;\">.<\/span><br \/>\n<span style=\"font-family: times new roman,times,serif; font-size: 12pt;\"> Cette citation \u00e9mane de dix victimes constitu\u00e9es partie civile: cinq victimes d&rsquo;agressions non prescrites du p\u00e8re Bernard Preynat (faits pour lesquels le religieux a \u00e9t\u00e9 mise en examen) et cinq autres pour lesquels les faits sont prescrits.<\/span><\/p>\n<p style=\"padding-left: 30px;\"><span style=\"color: #ffcc99;\">.<\/span><\/p>\n<p style=\"padding-left: 30px;\"><span style=\"font-size: 12pt;\"><strong><span style=\"font-family: times new roman,times,serif;\">Les sept personnalit\u00e9es de l&rsquo;Eglise cit\u00e9es<\/span><\/strong><\/span><\/p>\n<p style=\"padding-left: 30px;\"><span style=\"color: #ffcc99;\">.<\/span><br \/>\n<span style=\"font-family: times new roman,times,serif; font-size: 12pt;\"> Aux c\u00f4t\u00e9 du cardinal de Lyon sont aussi vis\u00e9s par la proc\u00e9dure le directeur de cabinet de Mgr Barbarin Pierre Durieux (actuellement sur le d\u00e9part), R\u00e9gine Maire, qui \u00e9tait charg\u00e9e de la cellule d&rsquo;aide aux victimes de pr\u00eatres dans le dioc\u00e8se, le vicaire \u00e9piscopal du Roannais Xavier Grillon (sup\u00e9rieur hi\u00e9rarchique direct du p\u00e8re Preynat),\u00a0l&rsquo;archev\u00eaque d&rsquo;Auch Maurice Gard\u00e8s, l&rsquo;\u00e9v\u00eaque de Nevers Thierry Brac de la Perri\u00e8re et Luis Ladaria Ferrer, secr\u00e9taire de la Congr\u00e9gation pour la doctrine de la foi au Vatican.<\/span><\/p>\n<p style=\"padding-left: 30px;\"><span style=\"color: #ffcc99;\">.<\/span><\/p>\n<p style=\"padding-left: 30px;\"><span style=\"font-size: 12pt;\"><strong><span style=\"font-family: times new roman,times,serif;\">Le scandale d&rsquo;une institution<\/span><\/strong><\/span><\/p>\n<p style=\"padding-left: 30px;\"><span style=\"color: #ffcc99;\">.<\/span><br \/>\n<span style=\"font-family: times new roman,times,serif; font-size: 12pt;\"> Pour une des avocates des plaignants, Me Nadia Debbache, le scandale \u00ab\u00a0n&rsquo;est pasl&rsquo;affaire d&rsquo;un seul homme mais d&rsquo;une institution\u00a0\u00bb.<\/span><\/p>\n<p style=\"padding-left: 30px;\"><span style=\"font-family: times new roman,times,serif; font-size: 12pt;\"><em>\u00ab\u00a0Tout le monde \u00e0 son \u00e9chelon a particip\u00e9, y compris au sein m\u00eame du Vatican\u00a0\u00bb.<\/em><\/span><\/p>\n<p style=\"padding-left: 30px;\"><span style=\"font-family: times new roman,times,serif; font-size: 12pt;\"><em>Fran\u00e7ois Devaux, un des fondateurs de l&rsquo;association La Parole lib\u00e9r\u00e9e qui a r\u00e9v\u00e9l\u00e9 toute l&rsquo;affaire, a soulign\u00e9 que, \u00ab\u00a0faire ce recours, c&rsquo;est pour (eux) un acte citoyen et responsable\u00a0\u00bb.<br \/>\n\u00ab\u00a0Il n&rsquo;y a aucun acharnement mais il y a de r\u00e9elles questions judiciaires qui se posent\u00a0\u00bb par rapport au classement sans suite de l&rsquo;affaire par le parquet l&rsquo;\u00e9t\u00e9 dernier, a-t-il fait valoir.<br \/>\nLes victimes et leurs avocats souhaitent porter \u00e0 l&rsquo;audience le d\u00e9bat sur la prescription des faits de non-d\u00e9nonciations d&rsquo;agressions sexuelles sur mineur. Ce d\u00e9lai, qui est actuellement de trois ans, est un des motifs mis en avant par le parquet pour classer l&rsquo;affaire.\u00a0\u00bb<\/em><\/span><\/p>\n<p style=\"padding-left: 30px;\"><span style=\"font-family: times new roman,times,serif; font-size: 12pt; color: #ffcc99;\"><em>\u00a0.<\/em><\/span><\/p>\n<p style=\"padding-left: 30px;\"><span style=\"font-family: times new roman,times,serif; font-size: 12pt;\">Nous constatons encore une fois que les scandales \u00e9touff\u00e9s depuis des d\u00e9cennies sont devenus des bombes \u00e0 retardement qui explosent un jour, malgr\u00e9 le silence de l\u2019\u00e9piscopat qui s\u2019y entend comme personne pour passer les victimes aux oubliettes. Les scandales se suivent\u2026 N\u2019aurait-il pas \u00e9t\u00e9 plus judicieux de r\u00e9gler ces tristes affaires avant qu\u2019elles ne fassent plus de d\u00e9g\u00e2ts\u00a0? Pour les victimes d\u2019abord, mais aussi pour l\u2019Eglise, car lorsque les responsables religieux de ces affaires sont plus occup\u00e9s \u00e0 camoufler qu\u2019\u00e0 faire \u00e9clater la v\u00e9rit\u00e9, ils s\u2019engagent dans le chemin de la dissimulation et du mensonge. Pi\u00e9tiner la v\u00e9rit\u00e9, refuser la justice, peu \u00e0 peu cela gangr\u00e8ne la morale, la foi, les responsables eccl\u00e9siaux et l\u2019Eglise.<\/span><\/p>\n<p style=\"padding-left: 30px;\"><span style=\"color: #ffcc99;\">.<\/span><\/p>\n<p style=\"padding-left: 30px;\"><span style=\"font-family: times new roman,times,serif; font-size: 12pt; color: #0000ff;\"><strong>C\u2019est ce que r\u00e9sume l\u2019avocate des plaignants, dans l\u2019article, en quelques mots, et\u00a0 avec justesse\u00a0: \u00ab\u00a0<\/strong><strong><em>le scandale \u00ab\u00a0n&rsquo;est pas l&rsquo;affaire d&rsquo;un seul homme mais d&rsquo;une institution\u00a0\u00bb.<\/em><\/strong><\/span><\/p>\n<p style=\"padding-left: 30px;\"><span style=\"color: #ffcc99;\">.<\/span><\/p>\n<p style=\"padding-left: 30px;\"><span style=\"font-family: times new roman,times,serif; font-size: 12pt;\">Une institution qui continue \u00e0 nier et \u00e0 d\u00e9nier. Ce site vous en donnera la preuve. Nos enfants sont tomb\u00e9s sous les coups des manipulations mentales d\u2019une id\u00e9ologie camoufl\u00e9e dans une h\u00e9r\u00e9sie qui fait recette, dans tous les sens du terme. Ils sont abandonn\u00e9s \u00e0 leur sort. Non seulement aucune aide mais pas la moindre once d\u2019empathie.<\/span><\/p>\n<p style=\"padding-left: 30px;\"><span style=\"color: #ffcc99;\">.<\/span><\/p>\n<p style=\"padding-left: 30px;\"><span style=\"font-family: times new roman,times,serif; font-size: 12pt;\">Le leurre de tout ce\u00a0\u00ab\u00a0beau monde\u00a0\u00bb, c\u2019est de croire que cela va durer encore longtemps. Il devrait prendre conscience \u00e0 l\u2019aune de l\u2019histoire que toutes les id\u00e9ologies ont toujours \u00e9t\u00e9 vaincues \u00a0par l\u2019intelligence et la v\u00e9rit\u00e9. De plus en plus d\u00e9ficitaires \u00a0dans ces compromissions.<\/span><\/p>\n<p style=\"padding-left: 30px;\"><span style=\"color: #ffcc99;\">.<\/span><\/p>\n","protected":false},"excerpt":{"rendered":"<p>. Sur France 3 r\u00e9gion et France infos Occitanie, on peut regarder cet article\u00a0: . http:\/\/france3-regions.francetvinfo.fr\/occitanie\/gers\/auch\/pedophilie-eglise-archeveque-auch-cite-comparaitre-septembre-victimes-1259375.html#xtor=EPR-521-[france3regions]-20170523-[info-bouton1] . \u00ab\u00a0P\u00e9dophilie dans l&rsquo;Eglise: l&rsquo;archev\u00eaque d&rsquo;Auch cit\u00e9 \u00e0 compara\u00eetre en septembre par des victimes\u00a0\u00bb \u00ab\u00a0L&rsquo;archev\u00eaque d&rsquo;Auch, Maurice Gard\u00e8s, le cardinal Philippe Barbarin et cinq autres personnes sont cit\u00e9s \u00e0 compara\u00eetre en septembre devant le tribunal correctionnel de Lyon par <span class=\"ellipsis\">&hellip;<\/span> <span class=\"more-link-wrap\"><a href=\"http:\/\/WWW.derivesdansleglisecatholique.fr\/?p=1085\" class=\"more-link\"><span>Read More &rarr;<\/span><\/a><\/span><\/p>\n","protected":false},"author":2,"featured_media":0,"comment_status":"closed","ping_status":"closed","sticky":false,"template":"","format":"standard","meta":{"footnotes":""},"categories":[1],"tags":[],"class_list":["post-1085","post","type-post","status-publish","format-standard","hentry","category-non-classe"],"yoast_head":"<!-- This site is optimized with the Yoast SEO plugin v27.4 - https:\/\/yoast.com\/product\/yoast-seo-wordpress\/ -->\n<title>Le scandale d\u2019une institution - D\u00e9rives dans l&#039;eglise catholique<\/title>\n<meta name=\"robots\" content=\"index, follow, max-snippet:-1, max-image-preview:large, max-video-preview:-1\" \/>\n<link rel=\"canonical\" href=\"http:\/\/WWW.derivesdansleglisecatholique.fr\/?p=1085\" \/>\n<meta property=\"og:locale\" content=\"fr_FR\" \/>\n<meta property=\"og:type\" content=\"article\" \/>\n<meta property=\"og:title\" content=\"Le scandale d\u2019une institution - D\u00e9rives dans l&#039;eglise catholique\" \/>\n<meta property=\"og:description\" content=\". Sur France 3 r\u00e9gion et France infos Occitanie, on peut regarder cet article\u00a0: . http:\/\/france3-regions.francetvinfo.fr\/occitanie\/gers\/auch\/pedophilie-eglise-archeveque-auch-cite-comparaitre-septembre-victimes-1259375.html#xtor=EPR-521-[france3regions]-20170523-[info-bouton1] . \u00ab\u00a0P\u00e9dophilie dans l&rsquo;Eglise: l&rsquo;archev\u00eaque d&rsquo;Auch cit\u00e9 \u00e0 compara\u00eetre en septembre par des victimes\u00a0\u00bb \u00ab\u00a0L&rsquo;archev\u00eaque d&rsquo;Auch, Maurice Gard\u00e8s, le cardinal Philippe Barbarin et cinq autres personnes sont cit\u00e9s \u00e0 compara\u00eetre en septembre devant le tribunal correctionnel de Lyon par &hellip; Read More &rarr;\" \/>\n<meta property=\"og:url\" content=\"http:\/\/WWW.derivesdansleglisecatholique.fr\/?p=1085\" \/>\n<meta property=\"og:site_name\" content=\"D\u00e9rives dans l&#039;eglise catholique\" \/>\n<meta property=\"article:published_time\" content=\"2017-06-06T20:03:19+00:00\" \/>\n<meta property=\"article:modified_time\" content=\"2017-06-06T20:09:39+00:00\" \/>\n<meta name=\"author\" content=\"ZWY\" \/>\n<meta name=\"twitter:label1\" content=\"\u00c9crit par\" \/>\n\t<meta name=\"twitter:data1\" content=\"ZWY\" \/>\n\t<meta name=\"twitter:label2\" content=\"Dur\u00e9e de lecture estim\u00e9e\" \/>\n\t<meta name=\"twitter:data2\" content=\"4 minutes\" \/>\n<script type=\"application\/ld+json\" class=\"yoast-schema-graph\">{\"@context\":\"https:\\\/\\\/schema.org\",\"@graph\":[{\"@type\":\"Article\",\"@id\":\"http:\\\/\\\/WWW.derivesdansleglisecatholique.fr\\\/?p=1085#article\",\"isPartOf\":{\"@id\":\"http:\\\/\\\/WWW.derivesdansleglisecatholique.fr\\\/?p=1085\"},\"author\":{\"name\":\"ZWY\",\"@id\":\"http:\\\/\\\/WWW.derivesdansleglisecatholique.fr\\\/#\\\/schema\\\/person\\\/00e384b3d6f532a9ea54aafa9d4bde0e\"},\"headline\":\"Le scandale d\u2019une institution\",\"datePublished\":\"2017-06-06T20:03:19+00:00\",\"dateModified\":\"2017-06-06T20:09:39+00:00\",\"mainEntityOfPage\":{\"@id\":\"http:\\\/\\\/WWW.derivesdansleglisecatholique.fr\\\/?p=1085\"},\"wordCount\":779,\"inLanguage\":\"fr-FR\"},{\"@type\":\"WebPage\",\"@id\":\"http:\\\/\\\/WWW.derivesdansleglisecatholique.fr\\\/?p=1085\",\"url\":\"http:\\\/\\\/WWW.derivesdansleglisecatholique.fr\\\/?p=1085\",\"name\":\"Le scandale d\u2019une institution - D\u00e9rives dans l&#039;eglise catholique\",\"isPartOf\":{\"@id\":\"http:\\\/\\\/WWW.derivesdansleglisecatholique.fr\\\/#website\"},\"datePublished\":\"2017-06-06T20:03:19+00:00\",\"dateModified\":\"2017-06-06T20:09:39+00:00\",\"author\":{\"@id\":\"http:\\\/\\\/WWW.derivesdansleglisecatholique.fr\\\/#\\\/schema\\\/person\\\/00e384b3d6f532a9ea54aafa9d4bde0e\"},\"breadcrumb\":{\"@id\":\"http:\\\/\\\/WWW.derivesdansleglisecatholique.fr\\\/?p=1085#breadcrumb\"},\"inLanguage\":\"fr-FR\",\"potentialAction\":[{\"@type\":\"ReadAction\",\"target\":[\"http:\\\/\\\/WWW.derivesdansleglisecatholique.fr\\\/?p=1085\"]}]},{\"@type\":\"BreadcrumbList\",\"@id\":\"http:\\\/\\\/WWW.derivesdansleglisecatholique.fr\\\/?p=1085#breadcrumb\",\"itemListElement\":[{\"@type\":\"ListItem\",\"position\":1,\"name\":\"Accueil\",\"item\":\"http:\\\/\\\/WWW.derivesdansleglisecatholique.fr\\\/\"},{\"@type\":\"ListItem\",\"position\":2,\"name\":\"Le scandale d\u2019une institution\"}]},{\"@type\":\"WebSite\",\"@id\":\"http:\\\/\\\/WWW.derivesdansleglisecatholique.fr\\\/#website\",\"url\":\"http:\\\/\\\/WWW.derivesdansleglisecatholique.fr\\\/\",\"name\":\"D\u00e9rives dans l&#039;eglise catholique\",\"description\":\"Justice et V\u00e9rit\u00e9 pour les familles\",\"potentialAction\":[{\"@type\":\"SearchAction\",\"target\":{\"@type\":\"EntryPoint\",\"urlTemplate\":\"http:\\\/\\\/WWW.derivesdansleglisecatholique.fr\\\/?s={search_term_string}\"},\"query-input\":{\"@type\":\"PropertyValueSpecification\",\"valueRequired\":true,\"valueName\":\"search_term_string\"}}],\"inLanguage\":\"fr-FR\"},{\"@type\":\"Person\",\"@id\":\"http:\\\/\\\/WWW.derivesdansleglisecatholique.fr\\\/#\\\/schema\\\/person\\\/00e384b3d6f532a9ea54aafa9d4bde0e\",\"name\":\"ZWY\",\"image\":{\"@type\":\"ImageObject\",\"inLanguage\":\"fr-FR\",\"@id\":\"https:\\\/\\\/secure.gravatar.com\\\/avatar\\\/b006fa882f3bf76e29e0c251c50ab4f53802f3986c1177a964b472dcbe6fa985?s=96&r=g\",\"url\":\"https:\\\/\\\/secure.gravatar.com\\\/avatar\\\/b006fa882f3bf76e29e0c251c50ab4f53802f3986c1177a964b472dcbe6fa985?s=96&r=g\",\"contentUrl\":\"https:\\\/\\\/secure.gravatar.com\\\/avatar\\\/b006fa882f3bf76e29e0c251c50ab4f53802f3986c1177a964b472dcbe6fa985?s=96&r=g\",\"caption\":\"ZWY\"},\"url\":\"http:\\\/\\\/WWW.derivesdansleglisecatholique.fr\\\/?author=2\"}]}<\/script>\n<!-- \/ Yoast SEO plugin. -->","yoast_head_json":{"title":"Le scandale d\u2019une institution - D\u00e9rives dans l&#039;eglise catholique","robots":{"index":"index","follow":"follow","max-snippet":"max-snippet:-1","max-image-preview":"max-image-preview:large","max-video-preview":"max-video-preview:-1"},"canonical":"http:\/\/WWW.derivesdansleglisecatholique.fr\/?p=1085","og_locale":"fr_FR","og_type":"article","og_title":"Le scandale d\u2019une institution - D\u00e9rives dans l&#039;eglise catholique","og_description":". Sur France 3 r\u00e9gion et France infos Occitanie, on peut regarder cet article\u00a0: . http:\/\/france3-regions.francetvinfo.fr\/occitanie\/gers\/auch\/pedophilie-eglise-archeveque-auch-cite-comparaitre-septembre-victimes-1259375.html#xtor=EPR-521-[france3regions]-20170523-[info-bouton1] . \u00ab\u00a0P\u00e9dophilie dans l&rsquo;Eglise: l&rsquo;archev\u00eaque d&rsquo;Auch cit\u00e9 \u00e0 compara\u00eetre en septembre par des victimes\u00a0\u00bb \u00ab\u00a0L&rsquo;archev\u00eaque d&rsquo;Auch, Maurice Gard\u00e8s, le cardinal Philippe Barbarin et cinq autres personnes sont cit\u00e9s \u00e0 compara\u00eetre en septembre devant le tribunal correctionnel de Lyon par &hellip; Read More &rarr;","og_url":"http:\/\/WWW.derivesdansleglisecatholique.fr\/?p=1085","og_site_name":"D\u00e9rives dans l&#039;eglise catholique","article_published_time":"2017-06-06T20:03:19+00:00","article_modified_time":"2017-06-06T20:09:39+00:00","author":"ZWY","twitter_misc":{"\u00c9crit par":"ZWY","Dur\u00e9e de lecture estim\u00e9e":"4 minutes"},"schema":{"@context":"https:\/\/schema.org","@graph":[{"@type":"Article","@id":"http:\/\/WWW.derivesdansleglisecatholique.fr\/?p=1085#article","isPartOf":{"@id":"http:\/\/WWW.derivesdansleglisecatholique.fr\/?p=1085"},"author":{"name":"ZWY","@id":"http:\/\/WWW.derivesdansleglisecatholique.fr\/#\/schema\/person\/00e384b3d6f532a9ea54aafa9d4bde0e"},"headline":"Le scandale d\u2019une institution","datePublished":"2017-06-06T20:03:19+00:00","dateModified":"2017-06-06T20:09:39+00:00","mainEntityOfPage":{"@id":"http:\/\/WWW.derivesdansleglisecatholique.fr\/?p=1085"},"wordCount":779,"inLanguage":"fr-FR"},{"@type":"WebPage","@id":"http:\/\/WWW.derivesdansleglisecatholique.fr\/?p=1085","url":"http:\/\/WWW.derivesdansleglisecatholique.fr\/?p=1085","name":"Le scandale d\u2019une institution - D\u00e9rives dans l&#039;eglise catholique","isPartOf":{"@id":"http:\/\/WWW.derivesdansleglisecatholique.fr\/#website"},"datePublished":"2017-06-06T20:03:19+00:00","dateModified":"2017-06-06T20:09:39+00:00","author":{"@id":"http:\/\/WWW.derivesdansleglisecatholique.fr\/#\/schema\/person\/00e384b3d6f532a9ea54aafa9d4bde0e"},"breadcrumb":{"@id":"http:\/\/WWW.derivesdansleglisecatholique.fr\/?p=1085#breadcrumb"},"inLanguage":"fr-FR","potentialAction":[{"@type":"ReadAction","target":["http:\/\/WWW.derivesdansleglisecatholique.fr\/?p=1085"]}]},{"@type":"BreadcrumbList","@id":"http:\/\/WWW.derivesdansleglisecatholique.fr\/?p=1085#breadcrumb","itemListElement":[{"@type":"ListItem","position":1,"name":"Accueil","item":"http:\/\/WWW.derivesdansleglisecatholique.fr\/"},{"@type":"ListItem","position":2,"name":"Le scandale d\u2019une institution"}]},{"@type":"WebSite","@id":"http:\/\/WWW.derivesdansleglisecatholique.fr\/#website","url":"http:\/\/WWW.derivesdansleglisecatholique.fr\/","name":"D\u00e9rives dans l&#039;eglise catholique","description":"Justice et V\u00e9rit\u00e9 pour les familles","potentialAction":[{"@type":"SearchAction","target":{"@type":"EntryPoint","urlTemplate":"http:\/\/WWW.derivesdansleglisecatholique.fr\/?s={search_term_string}"},"query-input":{"@type":"PropertyValueSpecification","valueRequired":true,"valueName":"search_term_string"}}],"inLanguage":"fr-FR"},{"@type":"Person","@id":"http:\/\/WWW.derivesdansleglisecatholique.fr\/#\/schema\/person\/00e384b3d6f532a9ea54aafa9d4bde0e","name":"ZWY","image":{"@type":"ImageObject","inLanguage":"fr-FR","@id":"https:\/\/secure.gravatar.com\/avatar\/b006fa882f3bf76e29e0c251c50ab4f53802f3986c1177a964b472dcbe6fa985?s=96&r=g","url":"https:\/\/secure.gravatar.com\/avatar\/b006fa882f3bf76e29e0c251c50ab4f53802f3986c1177a964b472dcbe6fa985?s=96&r=g","contentUrl":"https:\/\/secure.gravatar.com\/avatar\/b006fa882f3bf76e29e0c251c50ab4f53802f3986c1177a964b472dcbe6fa985?s=96&r=g","caption":"ZWY"},"url":"http:\/\/WWW.derivesdansleglisecatholique.fr\/?author=2"}]}},"_links":{"self":[{"href":"http:\/\/WWW.derivesdansleglisecatholique.fr\/index.php?rest_route=\/wp\/v2\/posts\/1085","targetHints":{"allow":["GET"]}}],"collection":[{"href":"http:\/\/WWW.derivesdansleglisecatholique.fr\/index.php?rest_route=\/wp\/v2\/posts"}],"about":[{"href":"http:\/\/WWW.derivesdansleglisecatholique.fr\/index.php?rest_route=\/wp\/v2\/types\/post"}],"author":[{"embeddable":true,"href":"http:\/\/WWW.derivesdansleglisecatholique.fr\/index.php?rest_route=\/wp\/v2\/users\/2"}],"replies":[{"embeddable":true,"href":"http:\/\/WWW.derivesdansleglisecatholique.fr\/index.php?rest_route=%2Fwp%2Fv2%2Fcomments&post=1085"}],"version-history":[{"count":6,"href":"http:\/\/WWW.derivesdansleglisecatholique.fr\/index.php?rest_route=\/wp\/v2\/posts\/1085\/revisions"}],"predecessor-version":[{"id":1092,"href":"http:\/\/WWW.derivesdansleglisecatholique.fr\/index.php?rest_route=\/wp\/v2\/posts\/1085\/revisions\/1092"}],"wp:attachment":[{"href":"http:\/\/WWW.derivesdansleglisecatholique.fr\/index.php?rest_route=%2Fwp%2Fv2%2Fmedia&parent=1085"}],"wp:term":[{"taxonomy":"category","embeddable":true,"href":"http:\/\/WWW.derivesdansleglisecatholique.fr\/index.php?rest_route=%2Fwp%2Fv2%2Fcategories&post=1085"},{"taxonomy":"post_tag","embeddable":true,"href":"http:\/\/WWW.derivesdansleglisecatholique.fr\/index.php?rest_route=%2Fwp%2Fv2%2Ftags&post=1085"}],"curies":[{"name":"wp","href":"https:\/\/api.w.org\/{rel}","templated":true}]}}