{"id":1295,"date":"2017-08-31T13:30:38","date_gmt":"2017-08-31T12:30:38","guid":{"rendered":"http:\/\/WWW.derivesdansleglisecatholique.fr\/?p=1295"},"modified":"2017-08-31T13:33:01","modified_gmt":"2017-08-31T12:33:01","slug":"o-tempora-o-mores","status":"publish","type":"post","link":"http:\/\/WWW.derivesdansleglisecatholique.fr\/?p=1295","title":{"rendered":"O tempora, o mores\u00a0!"},"content":{"rendered":"<p>&nbsp;<\/p>\n<p style=\"padding-left: 30px;\"><span style=\"color: #ffcc99;\">.<\/span><\/p>\n<p style=\"padding-left: 30px;\"><span style=\"font-family: 'times new roman', times, serif; font-size: 12pt;\">Trouv\u00e9 sur le site \u00a0<span style=\"font-size: 10pt;\"><a href=\"https:\/\/fr.zenit.org\/articles\/mamans-qui-pleurez-ne-perdez-pas-lespoir-tweet-du-pape-francois\/\">https:\/\/fr.zenit.org\/articles\/mamans-qui-pleurez-ne-perdez-pas-lespoir-tweet-du-pape-francois\/<\/a><\/span><\/span><\/p>\n<p style=\"padding-left: 30px;\"><span style=\"font-family: 'times new roman', times, serif; font-size: 12pt;\">ce tweet du Pape Fran\u00e7ois\u00a0 \u00e0 l\u2019occasion de la f\u00eate de sainte Monique et de son fils Augustin<\/span><\/p>\n<p style=\"padding-left: 30px;\"><span style=\"color: #ffcc99;\">.<\/span><\/p>\n<p style=\"padding-left: 30px;\"><span style=\"font-family: 'times new roman', times, serif; font-size: 12pt; color: #0000ff;\">\u00ab\u00a0<strong>Mamans qui pleurez, \u00ab ne perdez pas l\u2019espoir ! \u00bb<\/strong><\/span><\/p>\n<p style=\"padding-left: 30px;\"><span style=\"font-family: 'times new roman', times, serif; font-size: 12pt; color: #ffcc99;\"><em>\u00a0.<\/em><\/span><\/p>\n<p style=\"padding-left: 30px;\"><span style=\"font-family: 'times new roman', times, serif; font-size: 12pt;\"><em>\u00ab\u00a0Le pape Fran\u00e7ois a exhort\u00e9 les mamans \u00e0 ne pas perdre \u00ab\u00a0l\u2019espoir dans la gr\u00e2ce de Dieu\u00a0\u00bb \u00e0 l\u2019image de sainte Monique (v. 331-387), le jour de sa f\u00eate le 27 ao\u00fbt et \u00e0 la veille de la f\u00eate de sont fils saint Augustin (354-430). (\u2026) \u00ab\u00a0Je ne peux manquer de m\u2019arr\u00eater sur la m\u00e8re, Monique ! a-t-il dit en examinant \u00ab\u00a0l\u2019inqui\u00e9tude de l\u2019amour\u00a0\u00bb<\/em><em>.\u00a0<\/em><em>\u00a0Que de larmes a vers\u00e9es cette sainte femme pour la conversion de son fils ! Et combien de m\u00e8res versent aujourd\u2019hui encore des larmes pour que leurs enfants retournent au Christ! Ne perdez pas l\u2019esp\u00e9rance dans la gr\u00e2ce de Dieu!\u00a0\u00bb<\/em><\/span><\/p>\n<p><span style=\"color: #ffcc99;\">.<\/span><\/p>\n<p style=\"padding-left: 30px;\"><span style=\"font-family: 'times new roman', times, serif; font-size: 12pt;\">Les m\u00e8res qui pleurent aujourd\u2019hui leurs enfants d\u00e9voy\u00e9s dans les d\u00e9rives sectaires de l\u2019Eglise rappellent au \u00a0Pape que Sainte Monique a eu la chance d\u2019avoir un \u00e9v\u00eaque pour l\u2019aider, et pas n\u2019importe lequel\u00a0: saint Ambroise. C\u2019est gr\u00e2ce \u00e0 lui qu\u2019elle a pu retrouver son fils Augustin.\u00a0 Aujourd\u2019hui, non seulement il n\u2019y a aucun \u00e9v\u00eaque pour entendre l\u2019appel des m\u00e8res mais en prime, \u00a0dans cette nouvelle \u00e9glise charismatique, elles sont \u00ab\u00a0religieusement\u00a0\u00bb\u00a0 rejet\u00e9es.\u00a0 Mais rassurons les, un tweet compatissant du pape leur redonne le chemin de l\u2019esp\u00e9rance \u2026 O tempora, o mores\u00a0!<\/span><\/p>\n<p><span style=\"color: #ffcc99;\">.<\/span><\/p>\n","protected":false},"excerpt":{"rendered":"<p>&nbsp; . Trouv\u00e9 sur le site \u00a0https:\/\/fr.zenit.org\/articles\/mamans-qui-pleurez-ne-perdez-pas-lespoir-tweet-du-pape-francois\/ ce tweet du Pape Fran\u00e7ois\u00a0 \u00e0 l\u2019occasion de la f\u00eate de sainte Monique et de son fils Augustin . \u00ab\u00a0Mamans qui pleurez, \u00ab ne perdez pas l\u2019espoir ! \u00bb \u00a0. \u00ab\u00a0Le pape Fran\u00e7ois a exhort\u00e9 les mamans \u00e0 ne pas perdre \u00ab\u00a0l\u2019espoir dans la gr\u00e2ce de Dieu\u00a0\u00bb \u00e0 <span class=\"ellipsis\">&hellip;<\/span> <span class=\"more-link-wrap\"><a href=\"http:\/\/WWW.derivesdansleglisecatholique.fr\/?p=1295\" class=\"more-link\"><span>Read More &rarr;<\/span><\/a><\/span><\/p>\n","protected":false},"author":3,"featured_media":0,"comment_status":"closed","ping_status":"closed","sticky":false,"template":"","format":"standard","meta":{"footnotes":""},"categories":[1],"tags":[],"class_list":["post-1295","post","type-post","status-publish","format-standard","hentry","category-non-classe"],"yoast_head":"<!-- This site is optimized with the Yoast SEO plugin v27.4 - https:\/\/yoast.com\/product\/yoast-seo-wordpress\/ -->\n<title>O tempora, o mores\u00a0! - D\u00e9rives dans l&#039;eglise catholique<\/title>\n<meta name=\"robots\" content=\"index, follow, max-snippet:-1, max-image-preview:large, max-video-preview:-1\" \/>\n<link rel=\"canonical\" href=\"http:\/\/WWW.derivesdansleglisecatholique.fr\/?p=1295\" \/>\n<meta property=\"og:locale\" content=\"fr_FR\" \/>\n<meta property=\"og:type\" content=\"article\" \/>\n<meta property=\"og:title\" content=\"O tempora, o mores\u00a0! - D\u00e9rives dans l&#039;eglise catholique\" \/>\n<meta property=\"og:description\" content=\"&nbsp; . Trouv\u00e9 sur le site \u00a0https:\/\/fr.zenit.org\/articles\/mamans-qui-pleurez-ne-perdez-pas-lespoir-tweet-du-pape-francois\/ ce tweet du Pape Fran\u00e7ois\u00a0 \u00e0 l\u2019occasion de la f\u00eate de sainte Monique et de son fils Augustin . \u00ab\u00a0Mamans qui pleurez, \u00ab ne perdez pas l\u2019espoir ! \u00bb \u00a0. \u00ab\u00a0Le pape Fran\u00e7ois a exhort\u00e9 les mamans \u00e0 ne pas perdre \u00ab\u00a0l\u2019espoir dans la gr\u00e2ce de Dieu\u00a0\u00bb \u00e0 &hellip; Read More &rarr;\" \/>\n<meta property=\"og:url\" content=\"http:\/\/WWW.derivesdansleglisecatholique.fr\/?p=1295\" \/>\n<meta property=\"og:site_name\" content=\"D\u00e9rives dans l&#039;eglise catholique\" \/>\n<meta property=\"article:published_time\" content=\"2017-08-31T12:30:38+00:00\" \/>\n<meta property=\"article:modified_time\" content=\"2017-08-31T12:33:01+00:00\" \/>\n<meta name=\"author\" content=\"WYZ\" \/>\n<meta name=\"twitter:label1\" content=\"\u00c9crit par\" \/>\n\t<meta name=\"twitter:data1\" content=\"WYZ\" \/>\n\t<meta name=\"twitter:label2\" content=\"Dur\u00e9e de lecture estim\u00e9e\" \/>\n\t<meta name=\"twitter:data2\" content=\"1 minute\" \/>\n<script type=\"application\/ld+json\" class=\"yoast-schema-graph\">{\"@context\":\"https:\\\/\\\/schema.org\",\"@graph\":[{\"@type\":\"Article\",\"@id\":\"http:\\\/\\\/WWW.derivesdansleglisecatholique.fr\\\/?p=1295#article\",\"isPartOf\":{\"@id\":\"http:\\\/\\\/WWW.derivesdansleglisecatholique.fr\\\/?p=1295\"},\"author\":{\"name\":\"WYZ\",\"@id\":\"https:\\\/\\\/WWW.derivesdansleglisecatholique.fr\\\/#\\\/schema\\\/person\\\/ffb02afe1a91585220a46c7ee86ebb52\"},\"headline\":\"O tempora, o mores\u00a0!\",\"datePublished\":\"2017-08-31T12:30:38+00:00\",\"dateModified\":\"2017-08-31T12:33:01+00:00\",\"mainEntityOfPage\":{\"@id\":\"http:\\\/\\\/WWW.derivesdansleglisecatholique.fr\\\/?p=1295\"},\"wordCount\":268,\"inLanguage\":\"fr-FR\"},{\"@type\":\"WebPage\",\"@id\":\"http:\\\/\\\/WWW.derivesdansleglisecatholique.fr\\\/?p=1295\",\"url\":\"http:\\\/\\\/WWW.derivesdansleglisecatholique.fr\\\/?p=1295\",\"name\":\"O tempora, o mores\u00a0! - D\u00e9rives dans l&#039;eglise catholique\",\"isPartOf\":{\"@id\":\"https:\\\/\\\/WWW.derivesdansleglisecatholique.fr\\\/#website\"},\"datePublished\":\"2017-08-31T12:30:38+00:00\",\"dateModified\":\"2017-08-31T12:33:01+00:00\",\"author\":{\"@id\":\"https:\\\/\\\/WWW.derivesdansleglisecatholique.fr\\\/#\\\/schema\\\/person\\\/ffb02afe1a91585220a46c7ee86ebb52\"},\"breadcrumb\":{\"@id\":\"http:\\\/\\\/WWW.derivesdansleglisecatholique.fr\\\/?p=1295#breadcrumb\"},\"inLanguage\":\"fr-FR\",\"potentialAction\":[{\"@type\":\"ReadAction\",\"target\":[\"http:\\\/\\\/WWW.derivesdansleglisecatholique.fr\\\/?p=1295\"]}]},{\"@type\":\"BreadcrumbList\",\"@id\":\"http:\\\/\\\/WWW.derivesdansleglisecatholique.fr\\\/?p=1295#breadcrumb\",\"itemListElement\":[{\"@type\":\"ListItem\",\"position\":1,\"name\":\"Accueil\",\"item\":\"https:\\\/\\\/WWW.derivesdansleglisecatholique.fr\\\/\"},{\"@type\":\"ListItem\",\"position\":2,\"name\":\"O tempora, o mores\u00a0!\"}]},{\"@type\":\"WebSite\",\"@id\":\"https:\\\/\\\/WWW.derivesdansleglisecatholique.fr\\\/#website\",\"url\":\"https:\\\/\\\/WWW.derivesdansleglisecatholique.fr\\\/\",\"name\":\"D\u00e9rives dans l&#039;eglise catholique\",\"description\":\"Justice et V\u00e9rit\u00e9 pour les familles\",\"potentialAction\":[{\"@type\":\"SearchAction\",\"target\":{\"@type\":\"EntryPoint\",\"urlTemplate\":\"https:\\\/\\\/WWW.derivesdansleglisecatholique.fr\\\/?s={search_term_string}\"},\"query-input\":{\"@type\":\"PropertyValueSpecification\",\"valueRequired\":true,\"valueName\":\"search_term_string\"}}],\"inLanguage\":\"fr-FR\"},{\"@type\":\"Person\",\"@id\":\"https:\\\/\\\/WWW.derivesdansleglisecatholique.fr\\\/#\\\/schema\\\/person\\\/ffb02afe1a91585220a46c7ee86ebb52\",\"name\":\"WYZ\",\"image\":{\"@type\":\"ImageObject\",\"inLanguage\":\"fr-FR\",\"@id\":\"https:\\\/\\\/secure.gravatar.com\\\/avatar\\\/a89d00b3ba7470cc3ee7cd3383b662f0ffff221bd43470000a0b0e1c236977ff?s=96&r=g\",\"url\":\"https:\\\/\\\/secure.gravatar.com\\\/avatar\\\/a89d00b3ba7470cc3ee7cd3383b662f0ffff221bd43470000a0b0e1c236977ff?s=96&r=g\",\"contentUrl\":\"https:\\\/\\\/secure.gravatar.com\\\/avatar\\\/a89d00b3ba7470cc3ee7cd3383b662f0ffff221bd43470000a0b0e1c236977ff?s=96&r=g\",\"caption\":\"WYZ\"},\"url\":\"http:\\\/\\\/WWW.derivesdansleglisecatholique.fr\\\/?author=3\"}]}<\/script>\n<!-- \/ Yoast SEO plugin. -->","yoast_head_json":{"title":"O tempora, o mores\u00a0! - D\u00e9rives dans l&#039;eglise catholique","robots":{"index":"index","follow":"follow","max-snippet":"max-snippet:-1","max-image-preview":"max-image-preview:large","max-video-preview":"max-video-preview:-1"},"canonical":"http:\/\/WWW.derivesdansleglisecatholique.fr\/?p=1295","og_locale":"fr_FR","og_type":"article","og_title":"O tempora, o mores\u00a0! - D\u00e9rives dans l&#039;eglise catholique","og_description":"&nbsp; . Trouv\u00e9 sur le site \u00a0https:\/\/fr.zenit.org\/articles\/mamans-qui-pleurez-ne-perdez-pas-lespoir-tweet-du-pape-francois\/ ce tweet du Pape Fran\u00e7ois\u00a0 \u00e0 l\u2019occasion de la f\u00eate de sainte Monique et de son fils Augustin . \u00ab\u00a0Mamans qui pleurez, \u00ab ne perdez pas l\u2019espoir ! \u00bb \u00a0. \u00ab\u00a0Le pape Fran\u00e7ois a exhort\u00e9 les mamans \u00e0 ne pas perdre \u00ab\u00a0l\u2019espoir dans la gr\u00e2ce de Dieu\u00a0\u00bb \u00e0 &hellip; Read More &rarr;","og_url":"http:\/\/WWW.derivesdansleglisecatholique.fr\/?p=1295","og_site_name":"D\u00e9rives dans l&#039;eglise catholique","article_published_time":"2017-08-31T12:30:38+00:00","article_modified_time":"2017-08-31T12:33:01+00:00","author":"WYZ","twitter_misc":{"\u00c9crit par":"WYZ","Dur\u00e9e de lecture estim\u00e9e":"1 minute"},"schema":{"@context":"https:\/\/schema.org","@graph":[{"@type":"Article","@id":"http:\/\/WWW.derivesdansleglisecatholique.fr\/?p=1295#article","isPartOf":{"@id":"http:\/\/WWW.derivesdansleglisecatholique.fr\/?p=1295"},"author":{"name":"WYZ","@id":"https:\/\/WWW.derivesdansleglisecatholique.fr\/#\/schema\/person\/ffb02afe1a91585220a46c7ee86ebb52"},"headline":"O tempora, o mores\u00a0!","datePublished":"2017-08-31T12:30:38+00:00","dateModified":"2017-08-31T12:33:01+00:00","mainEntityOfPage":{"@id":"http:\/\/WWW.derivesdansleglisecatholique.fr\/?p=1295"},"wordCount":268,"inLanguage":"fr-FR"},{"@type":"WebPage","@id":"http:\/\/WWW.derivesdansleglisecatholique.fr\/?p=1295","url":"http:\/\/WWW.derivesdansleglisecatholique.fr\/?p=1295","name":"O tempora, o mores\u00a0! - D\u00e9rives dans l&#039;eglise catholique","isPartOf":{"@id":"https:\/\/WWW.derivesdansleglisecatholique.fr\/#website"},"datePublished":"2017-08-31T12:30:38+00:00","dateModified":"2017-08-31T12:33:01+00:00","author":{"@id":"https:\/\/WWW.derivesdansleglisecatholique.fr\/#\/schema\/person\/ffb02afe1a91585220a46c7ee86ebb52"},"breadcrumb":{"@id":"http:\/\/WWW.derivesdansleglisecatholique.fr\/?p=1295#breadcrumb"},"inLanguage":"fr-FR","potentialAction":[{"@type":"ReadAction","target":["http:\/\/WWW.derivesdansleglisecatholique.fr\/?p=1295"]}]},{"@type":"BreadcrumbList","@id":"http:\/\/WWW.derivesdansleglisecatholique.fr\/?p=1295#breadcrumb","itemListElement":[{"@type":"ListItem","position":1,"name":"Accueil","item":"https:\/\/WWW.derivesdansleglisecatholique.fr\/"},{"@type":"ListItem","position":2,"name":"O tempora, o mores\u00a0!"}]},{"@type":"WebSite","@id":"https:\/\/WWW.derivesdansleglisecatholique.fr\/#website","url":"https:\/\/WWW.derivesdansleglisecatholique.fr\/","name":"D\u00e9rives dans l&#039;eglise catholique","description":"Justice et V\u00e9rit\u00e9 pour les familles","potentialAction":[{"@type":"SearchAction","target":{"@type":"EntryPoint","urlTemplate":"https:\/\/WWW.derivesdansleglisecatholique.fr\/?s={search_term_string}"},"query-input":{"@type":"PropertyValueSpecification","valueRequired":true,"valueName":"search_term_string"}}],"inLanguage":"fr-FR"},{"@type":"Person","@id":"https:\/\/WWW.derivesdansleglisecatholique.fr\/#\/schema\/person\/ffb02afe1a91585220a46c7ee86ebb52","name":"WYZ","image":{"@type":"ImageObject","inLanguage":"fr-FR","@id":"https:\/\/secure.gravatar.com\/avatar\/a89d00b3ba7470cc3ee7cd3383b662f0ffff221bd43470000a0b0e1c236977ff?s=96&r=g","url":"https:\/\/secure.gravatar.com\/avatar\/a89d00b3ba7470cc3ee7cd3383b662f0ffff221bd43470000a0b0e1c236977ff?s=96&r=g","contentUrl":"https:\/\/secure.gravatar.com\/avatar\/a89d00b3ba7470cc3ee7cd3383b662f0ffff221bd43470000a0b0e1c236977ff?s=96&r=g","caption":"WYZ"},"url":"http:\/\/WWW.derivesdansleglisecatholique.fr\/?author=3"}]}},"_links":{"self":[{"href":"http:\/\/WWW.derivesdansleglisecatholique.fr\/index.php?rest_route=\/wp\/v2\/posts\/1295","targetHints":{"allow":["GET"]}}],"collection":[{"href":"http:\/\/WWW.derivesdansleglisecatholique.fr\/index.php?rest_route=\/wp\/v2\/posts"}],"about":[{"href":"http:\/\/WWW.derivesdansleglisecatholique.fr\/index.php?rest_route=\/wp\/v2\/types\/post"}],"author":[{"embeddable":true,"href":"http:\/\/WWW.derivesdansleglisecatholique.fr\/index.php?rest_route=\/wp\/v2\/users\/3"}],"replies":[{"embeddable":true,"href":"http:\/\/WWW.derivesdansleglisecatholique.fr\/index.php?rest_route=%2Fwp%2Fv2%2Fcomments&post=1295"}],"version-history":[{"count":2,"href":"http:\/\/WWW.derivesdansleglisecatholique.fr\/index.php?rest_route=\/wp\/v2\/posts\/1295\/revisions"}],"predecessor-version":[{"id":1297,"href":"http:\/\/WWW.derivesdansleglisecatholique.fr\/index.php?rest_route=\/wp\/v2\/posts\/1295\/revisions\/1297"}],"wp:attachment":[{"href":"http:\/\/WWW.derivesdansleglisecatholique.fr\/index.php?rest_route=%2Fwp%2Fv2%2Fmedia&parent=1295"}],"wp:term":[{"taxonomy":"category","embeddable":true,"href":"http:\/\/WWW.derivesdansleglisecatholique.fr\/index.php?rest_route=%2Fwp%2Fv2%2Fcategories&post=1295"},{"taxonomy":"post_tag","embeddable":true,"href":"http:\/\/WWW.derivesdansleglisecatholique.fr\/index.php?rest_route=%2Fwp%2Fv2%2Ftags&post=1295"}],"curies":[{"name":"wp","href":"https:\/\/api.w.org\/{rel}","templated":true}]}}