{"id":1346,"date":"2017-09-18T08:18:38","date_gmt":"2017-09-18T07:18:38","guid":{"rendered":"http:\/\/WWW.derivesdansleglisecatholique.fr\/?p=1346"},"modified":"2017-09-18T08:19:36","modified_gmt":"2017-09-18T07:19:36","slug":"le-fantome-du-pardon","status":"publish","type":"post","link":"http:\/\/WWW.derivesdansleglisecatholique.fr\/?p=1346","title":{"rendered":"Le fant\u00f4me du pardon"},"content":{"rendered":"<p><strong><span style=\"color: #ffcc99;\">.<\/span><br \/>\n<\/strong><\/p>\n<p style=\"padding-left: 30px;\"><span style=\"font-family: times new roman,times,serif; font-size: 12pt;\">Dans un article du 17septembre 2017, le Pape Fran\u00e7ois explique la parabole de l\u2019\u00c9vangile, en St Matthieu chap. 18, verset 21-35<\/span><\/p>\n<p style=\"padding-left: 30px;\"><span style=\"font-family: times new roman,times,serif; font-size: 12pt;\"><a href=\"https:\/\/fr.zenit.org\/articles\/angelus-souvrir-a-la-possibilite-de-pardonner\/\"><span style=\"font-size: 10pt;\">https:\/\/fr.zenit.org\/articles\/angelus-souvrir-a-la-possibilite-de-pardonner\/<\/span><\/a><\/span><\/p>\n<p style=\"padding-left: 30px;\"><span style=\"color: #ffcc99;\">.<\/span><\/p>\n<p style=\"padding-left: 30px;\"><span style=\"font-family: times new roman,times,serif; font-size: 12pt;\"><strong>\u00a0\u00abS\u2019ouvrir \u00e0 la possibilit\u00e9 de pardonner\u00a0\u00bb<\/strong><\/span><\/p>\n<p style=\"padding-left: 30px;\"><span style=\"font-family: times new roman,times,serif; font-size: 12pt; color: #ffcc99;\"><strong>\u00a0.<\/strong><\/span><\/p>\n<p style=\"padding-left: 30px;\"><span style=\"font-family: times new roman,times,serif; font-size: 12pt;\">Tout est \u00e0 lire. Nous en relevons quelques extraits\u00a0:<\/span><\/p>\n<p style=\"padding-left: 30px;\"><span style=\"font-family: times new roman,times,serif; font-size: 12pt; color: #0000ff;\"><strong><em>\u00ab\u00a0Le passage \u00e9vang\u00e9lique de ce dimanche (cf. Mt 18,21-35) nous offre un enseignement sur le pardon, qui ne nie pas le tort subi<\/em><\/strong> <strong><em>mais reconna\u00eet que l\u2019\u00eatre humain, cr\u00e9\u00e9 \u00e0 l\u2019image de Dieu, est toujours plus grand que le mal qu\u2019il commet. <\/em><\/strong><\/span><\/p>\n<p style=\"padding-left: 30px;\"><span style=\"font-family: times new roman,times,serif; font-size: 12pt; color: #0000ff;\"><strong><em>(\u2026)<\/em><\/strong><\/span><\/p>\n<p style=\"padding-left: 30px;\"><span style=\"font-family: times new roman,times,serif; font-size: 12pt; color: #0000ff;\"><strong><em>Le roi de la parabole est un homme g\u00e9n\u00e9reux qui, pris de compassion, remet une dette \u00e9norme \u2013 \u201cdix mille talents\u201d\u00a0: \u00e9norme \u2013 \u00e0 un serviteur qui le supplie. Mais ce m\u00eame serviteur, d\u00e8s qu\u2019il rencontre un autre serviteur comme lui qui lui doit cent deniers \u2013 c\u2019est-\u00e0-dire beaucoup moins \u2013 se comporte sans piti\u00e9, en le faisant jeter en prison.<\/em><\/strong> <strong><em>Le comportement incoh\u00e9rent de ce serviteur c\u2019est aussi le n\u00f4tre lorsque nous refusons le pardon \u00e0 nos fr\u00e8res. Alors que le roi de la parabole est l\u2019image de Dieu qui nous aime d\u2019un amour si riche en mis\u00e9ricorde qu\u2019il nous accueille, nous aime, et nous pardonne continuellement.<\/em><\/strong><\/span><\/p>\n<p style=\"padding-left: 30px;\"><span style=\"font-family: times new roman,times,serif; font-size: 12pt; color: #0000ff;\"><strong><em>(\u2026)<\/em><\/strong><\/span><\/p>\n<p style=\"padding-left: 30px;\"><span style=\"font-family: times new roman,times,serif; font-size: 12pt; color: #0000ff;\"><strong><em>Dans la pri\u00e8re du Notre P\u00e8re, J\u00e9sus a voulu ins\u00e9rer le m\u00eame enseignement que celui de cette parabole. Il a mis en relation directe le pardon que nous demandons \u00e0 Dieu avec le pardon que nous devons accorder \u00e0 nos fr\u00e8res: \u201cRemets-nous nos dettes comme nous les remettons aussi \u00e0 nos d\u00e9biteurs\u201d (Mt 6,12). Le pardon de Dieu est le signe de son amour d\u00e9bordant pour chacun de nous; c\u2019est l\u2019amour qui nous laisse libres de nous \u00e9loigner, comme le fils prodigue, mais qui attend chaque jour notre retour; c\u2019est l\u2019amour entreprenant du berger pour la brebis perdue; c\u2019est la tendresse qui accueille tout p\u00e9cheur qui frappe \u00e0 sa porte.<\/em><\/strong> <strong><em>Le P\u00e8re c\u00e9leste \u2013 notre P\u00e8re \u2013 est plein, plein, d\u2019amour et il veut nous l\u2019offrir, mais il ne peut pas le faire si nous fermons notre coeur \u00e0 l\u2019amour des autres.\u00a0\u00bb<\/em><\/strong><\/span><\/p>\n<p><span style=\"color: #ffcc99;\">.<\/span><\/p>\n<p style=\"padding-left: 30px;\"><span style=\"font-family: times new roman,times,serif; font-size: 12pt;\">Un beau discours, tr\u00e8s \u00e9vang\u00e9lique sur le pardon. Oui mais\u2026 Nous avons appris que l\u2019Eglise a divers visages et tous ne sont pas aussi lumineux\u00a0! Les plus sombres sont les plus cach\u00e9s. C\u2019est la raison de ce site d\u2019en d\u00e9voiler un des pires.<\/span><\/p>\n<p style=\"padding-left: 30px;\"><span style=\"font-family: times new roman,times,serif; font-size: 12pt;\">Le <em>\u00ab\u00a0comportement incoh\u00e9rent<\/em>\u00a0\u00bb que d\u00e9nonce le pape, vous le trouverez dans la rubrique <a href=\"http:\/\/www.derivesdansleglisecatholique.fr\/?page_id=1231\"><span style=\"font-size: 10pt;\">\u00ab\u00a0 les paroles assassines\u00a0\u00bb<\/span><\/a> <\/span><\/p>\n<p style=\"padding-left: 30px;\"><span style=\"font-family: times new roman,times,serif; font-size: 12pt;\">Paroles ass\u00e9n\u00e9es \u00e0 nos enfants, dans l\u2019\u00c9glise, au nom de Dieu. Une \u00ab\u00a0r\u00e9ussite\u00a0\u00bb\u00a0! Nos jeunes \u00a0infest\u00e9s et d\u00e9labr\u00e9s par ces calomnieuses et abominables salet\u00e9s \u00e0 notre encontre, nous ont rejet\u00e9s avec haine.<\/span><\/p>\n<p style=\"padding-left: 30px;\"><span style=\"font-family: times new roman,times,serif; font-size: 12pt;\"><strong>\u00a0<\/strong><\/span><\/p>\n<p style=\"padding-left: 30px; text-align: center;\"><span style=\"font-family: times new roman,times,serif; font-size: 14pt; color: #0000ff;\"><strong>C\u2019est dans ce cloaque qui tue l\u2019amour que le pardon a \u00e9t\u00e9 lui aussi assassin\u00e9.<\/strong><\/span><\/p>\n<p><span style=\"color: #ffcc99;\">.<\/span><\/p>\n","protected":false},"excerpt":{"rendered":"<p>. Dans un article du 17septembre 2017, le Pape Fran\u00e7ois explique la parabole de l\u2019\u00c9vangile, en St Matthieu chap. 18, verset 21-35 https:\/\/fr.zenit.org\/articles\/angelus-souvrir-a-la-possibilite-de-pardonner\/ . \u00a0\u00abS\u2019ouvrir \u00e0 la possibilit\u00e9 de pardonner\u00a0\u00bb \u00a0. Tout est \u00e0 lire. Nous en relevons quelques extraits\u00a0: \u00ab\u00a0Le passage \u00e9vang\u00e9lique de ce dimanche (cf. Mt 18,21-35) nous offre un enseignement sur le <span class=\"ellipsis\">&hellip;<\/span> <span class=\"more-link-wrap\"><a href=\"http:\/\/WWW.derivesdansleglisecatholique.fr\/?p=1346\" class=\"more-link\"><span>Read More &rarr;<\/span><\/a><\/span><\/p>\n","protected":false},"author":2,"featured_media":0,"comment_status":"closed","ping_status":"closed","sticky":false,"template":"","format":"standard","meta":{"footnotes":""},"categories":[1],"tags":[],"class_list":["post-1346","post","type-post","status-publish","format-standard","hentry","category-non-classe"],"yoast_head":"<!-- This site is optimized with the Yoast SEO plugin v27.4 - https:\/\/yoast.com\/product\/yoast-seo-wordpress\/ -->\n<title>Le fant\u00f4me du pardon - D\u00e9rives dans l&#039;eglise catholique<\/title>\n<meta name=\"robots\" content=\"index, follow, max-snippet:-1, max-image-preview:large, max-video-preview:-1\" \/>\n<link rel=\"canonical\" href=\"http:\/\/WWW.derivesdansleglisecatholique.fr\/?p=1346\" \/>\n<meta property=\"og:locale\" content=\"fr_FR\" \/>\n<meta property=\"og:type\" content=\"article\" \/>\n<meta property=\"og:title\" content=\"Le fant\u00f4me du pardon - D\u00e9rives dans l&#039;eglise catholique\" \/>\n<meta property=\"og:description\" content=\". Dans un article du 17septembre 2017, le Pape Fran\u00e7ois explique la parabole de l\u2019\u00c9vangile, en St Matthieu chap. 18, verset 21-35 https:\/\/fr.zenit.org\/articles\/angelus-souvrir-a-la-possibilite-de-pardonner\/ . \u00a0\u00abS\u2019ouvrir \u00e0 la possibilit\u00e9 de pardonner\u00a0\u00bb \u00a0. Tout est \u00e0 lire. Nous en relevons quelques extraits\u00a0: \u00ab\u00a0Le passage \u00e9vang\u00e9lique de ce dimanche (cf. Mt 18,21-35) nous offre un enseignement sur le &hellip; Read More &rarr;\" \/>\n<meta property=\"og:url\" content=\"http:\/\/WWW.derivesdansleglisecatholique.fr\/?p=1346\" \/>\n<meta property=\"og:site_name\" content=\"D\u00e9rives dans l&#039;eglise catholique\" \/>\n<meta property=\"article:published_time\" content=\"2017-09-18T07:18:38+00:00\" \/>\n<meta property=\"article:modified_time\" content=\"2017-09-18T07:19:36+00:00\" \/>\n<meta name=\"author\" content=\"ZWY\" \/>\n<meta name=\"twitter:label1\" content=\"\u00c9crit par\" \/>\n\t<meta name=\"twitter:data1\" content=\"ZWY\" \/>\n\t<meta name=\"twitter:label2\" content=\"Dur\u00e9e de lecture estim\u00e9e\" \/>\n\t<meta name=\"twitter:data2\" content=\"2 minutes\" \/>\n<script type=\"application\/ld+json\" class=\"yoast-schema-graph\">{\"@context\":\"https:\\\/\\\/schema.org\",\"@graph\":[{\"@type\":\"Article\",\"@id\":\"http:\\\/\\\/WWW.derivesdansleglisecatholique.fr\\\/?p=1346#article\",\"isPartOf\":{\"@id\":\"http:\\\/\\\/WWW.derivesdansleglisecatholique.fr\\\/?p=1346\"},\"author\":{\"name\":\"ZWY\",\"@id\":\"https:\\\/\\\/WWW.derivesdansleglisecatholique.fr\\\/#\\\/schema\\\/person\\\/00e384b3d6f532a9ea54aafa9d4bde0e\"},\"headline\":\"Le fant\u00f4me du pardon\",\"datePublished\":\"2017-09-18T07:18:38+00:00\",\"dateModified\":\"2017-09-18T07:19:36+00:00\",\"mainEntityOfPage\":{\"@id\":\"http:\\\/\\\/WWW.derivesdansleglisecatholique.fr\\\/?p=1346\"},\"wordCount\":487,\"inLanguage\":\"fr-FR\"},{\"@type\":\"WebPage\",\"@id\":\"http:\\\/\\\/WWW.derivesdansleglisecatholique.fr\\\/?p=1346\",\"url\":\"http:\\\/\\\/WWW.derivesdansleglisecatholique.fr\\\/?p=1346\",\"name\":\"Le fant\u00f4me du pardon - D\u00e9rives dans l&#039;eglise catholique\",\"isPartOf\":{\"@id\":\"https:\\\/\\\/WWW.derivesdansleglisecatholique.fr\\\/#website\"},\"datePublished\":\"2017-09-18T07:18:38+00:00\",\"dateModified\":\"2017-09-18T07:19:36+00:00\",\"author\":{\"@id\":\"https:\\\/\\\/WWW.derivesdansleglisecatholique.fr\\\/#\\\/schema\\\/person\\\/00e384b3d6f532a9ea54aafa9d4bde0e\"},\"breadcrumb\":{\"@id\":\"http:\\\/\\\/WWW.derivesdansleglisecatholique.fr\\\/?p=1346#breadcrumb\"},\"inLanguage\":\"fr-FR\",\"potentialAction\":[{\"@type\":\"ReadAction\",\"target\":[\"http:\\\/\\\/WWW.derivesdansleglisecatholique.fr\\\/?p=1346\"]}]},{\"@type\":\"BreadcrumbList\",\"@id\":\"http:\\\/\\\/WWW.derivesdansleglisecatholique.fr\\\/?p=1346#breadcrumb\",\"itemListElement\":[{\"@type\":\"ListItem\",\"position\":1,\"name\":\"Accueil\",\"item\":\"https:\\\/\\\/WWW.derivesdansleglisecatholique.fr\\\/\"},{\"@type\":\"ListItem\",\"position\":2,\"name\":\"Le fant\u00f4me du pardon\"}]},{\"@type\":\"WebSite\",\"@id\":\"https:\\\/\\\/WWW.derivesdansleglisecatholique.fr\\\/#website\",\"url\":\"https:\\\/\\\/WWW.derivesdansleglisecatholique.fr\\\/\",\"name\":\"D\u00e9rives dans l&#039;eglise catholique\",\"description\":\"Justice et V\u00e9rit\u00e9 pour les familles\",\"potentialAction\":[{\"@type\":\"SearchAction\",\"target\":{\"@type\":\"EntryPoint\",\"urlTemplate\":\"https:\\\/\\\/WWW.derivesdansleglisecatholique.fr\\\/?s={search_term_string}\"},\"query-input\":{\"@type\":\"PropertyValueSpecification\",\"valueRequired\":true,\"valueName\":\"search_term_string\"}}],\"inLanguage\":\"fr-FR\"},{\"@type\":\"Person\",\"@id\":\"https:\\\/\\\/WWW.derivesdansleglisecatholique.fr\\\/#\\\/schema\\\/person\\\/00e384b3d6f532a9ea54aafa9d4bde0e\",\"name\":\"ZWY\",\"image\":{\"@type\":\"ImageObject\",\"inLanguage\":\"fr-FR\",\"@id\":\"https:\\\/\\\/secure.gravatar.com\\\/avatar\\\/b006fa882f3bf76e29e0c251c50ab4f53802f3986c1177a964b472dcbe6fa985?s=96&r=g\",\"url\":\"https:\\\/\\\/secure.gravatar.com\\\/avatar\\\/b006fa882f3bf76e29e0c251c50ab4f53802f3986c1177a964b472dcbe6fa985?s=96&r=g\",\"contentUrl\":\"https:\\\/\\\/secure.gravatar.com\\\/avatar\\\/b006fa882f3bf76e29e0c251c50ab4f53802f3986c1177a964b472dcbe6fa985?s=96&r=g\",\"caption\":\"ZWY\"},\"url\":\"http:\\\/\\\/WWW.derivesdansleglisecatholique.fr\\\/?author=2\"}]}<\/script>\n<!-- \/ Yoast SEO plugin. -->","yoast_head_json":{"title":"Le fant\u00f4me du pardon - D\u00e9rives dans l&#039;eglise catholique","robots":{"index":"index","follow":"follow","max-snippet":"max-snippet:-1","max-image-preview":"max-image-preview:large","max-video-preview":"max-video-preview:-1"},"canonical":"http:\/\/WWW.derivesdansleglisecatholique.fr\/?p=1346","og_locale":"fr_FR","og_type":"article","og_title":"Le fant\u00f4me du pardon - D\u00e9rives dans l&#039;eglise catholique","og_description":". Dans un article du 17septembre 2017, le Pape Fran\u00e7ois explique la parabole de l\u2019\u00c9vangile, en St Matthieu chap. 18, verset 21-35 https:\/\/fr.zenit.org\/articles\/angelus-souvrir-a-la-possibilite-de-pardonner\/ . \u00a0\u00abS\u2019ouvrir \u00e0 la possibilit\u00e9 de pardonner\u00a0\u00bb \u00a0. Tout est \u00e0 lire. Nous en relevons quelques extraits\u00a0: \u00ab\u00a0Le passage \u00e9vang\u00e9lique de ce dimanche (cf. Mt 18,21-35) nous offre un enseignement sur le &hellip; Read More &rarr;","og_url":"http:\/\/WWW.derivesdansleglisecatholique.fr\/?p=1346","og_site_name":"D\u00e9rives dans l&#039;eglise catholique","article_published_time":"2017-09-18T07:18:38+00:00","article_modified_time":"2017-09-18T07:19:36+00:00","author":"ZWY","twitter_misc":{"\u00c9crit par":"ZWY","Dur\u00e9e de lecture estim\u00e9e":"2 minutes"},"schema":{"@context":"https:\/\/schema.org","@graph":[{"@type":"Article","@id":"http:\/\/WWW.derivesdansleglisecatholique.fr\/?p=1346#article","isPartOf":{"@id":"http:\/\/WWW.derivesdansleglisecatholique.fr\/?p=1346"},"author":{"name":"ZWY","@id":"https:\/\/WWW.derivesdansleglisecatholique.fr\/#\/schema\/person\/00e384b3d6f532a9ea54aafa9d4bde0e"},"headline":"Le fant\u00f4me du pardon","datePublished":"2017-09-18T07:18:38+00:00","dateModified":"2017-09-18T07:19:36+00:00","mainEntityOfPage":{"@id":"http:\/\/WWW.derivesdansleglisecatholique.fr\/?p=1346"},"wordCount":487,"inLanguage":"fr-FR"},{"@type":"WebPage","@id":"http:\/\/WWW.derivesdansleglisecatholique.fr\/?p=1346","url":"http:\/\/WWW.derivesdansleglisecatholique.fr\/?p=1346","name":"Le fant\u00f4me du pardon - D\u00e9rives dans l&#039;eglise catholique","isPartOf":{"@id":"https:\/\/WWW.derivesdansleglisecatholique.fr\/#website"},"datePublished":"2017-09-18T07:18:38+00:00","dateModified":"2017-09-18T07:19:36+00:00","author":{"@id":"https:\/\/WWW.derivesdansleglisecatholique.fr\/#\/schema\/person\/00e384b3d6f532a9ea54aafa9d4bde0e"},"breadcrumb":{"@id":"http:\/\/WWW.derivesdansleglisecatholique.fr\/?p=1346#breadcrumb"},"inLanguage":"fr-FR","potentialAction":[{"@type":"ReadAction","target":["http:\/\/WWW.derivesdansleglisecatholique.fr\/?p=1346"]}]},{"@type":"BreadcrumbList","@id":"http:\/\/WWW.derivesdansleglisecatholique.fr\/?p=1346#breadcrumb","itemListElement":[{"@type":"ListItem","position":1,"name":"Accueil","item":"https:\/\/WWW.derivesdansleglisecatholique.fr\/"},{"@type":"ListItem","position":2,"name":"Le fant\u00f4me du pardon"}]},{"@type":"WebSite","@id":"https:\/\/WWW.derivesdansleglisecatholique.fr\/#website","url":"https:\/\/WWW.derivesdansleglisecatholique.fr\/","name":"D\u00e9rives dans l&#039;eglise catholique","description":"Justice et V\u00e9rit\u00e9 pour les familles","potentialAction":[{"@type":"SearchAction","target":{"@type":"EntryPoint","urlTemplate":"https:\/\/WWW.derivesdansleglisecatholique.fr\/?s={search_term_string}"},"query-input":{"@type":"PropertyValueSpecification","valueRequired":true,"valueName":"search_term_string"}}],"inLanguage":"fr-FR"},{"@type":"Person","@id":"https:\/\/WWW.derivesdansleglisecatholique.fr\/#\/schema\/person\/00e384b3d6f532a9ea54aafa9d4bde0e","name":"ZWY","image":{"@type":"ImageObject","inLanguage":"fr-FR","@id":"https:\/\/secure.gravatar.com\/avatar\/b006fa882f3bf76e29e0c251c50ab4f53802f3986c1177a964b472dcbe6fa985?s=96&r=g","url":"https:\/\/secure.gravatar.com\/avatar\/b006fa882f3bf76e29e0c251c50ab4f53802f3986c1177a964b472dcbe6fa985?s=96&r=g","contentUrl":"https:\/\/secure.gravatar.com\/avatar\/b006fa882f3bf76e29e0c251c50ab4f53802f3986c1177a964b472dcbe6fa985?s=96&r=g","caption":"ZWY"},"url":"http:\/\/WWW.derivesdansleglisecatholique.fr\/?author=2"}]}},"_links":{"self":[{"href":"http:\/\/WWW.derivesdansleglisecatholique.fr\/index.php?rest_route=\/wp\/v2\/posts\/1346","targetHints":{"allow":["GET"]}}],"collection":[{"href":"http:\/\/WWW.derivesdansleglisecatholique.fr\/index.php?rest_route=\/wp\/v2\/posts"}],"about":[{"href":"http:\/\/WWW.derivesdansleglisecatholique.fr\/index.php?rest_route=\/wp\/v2\/types\/post"}],"author":[{"embeddable":true,"href":"http:\/\/WWW.derivesdansleglisecatholique.fr\/index.php?rest_route=\/wp\/v2\/users\/2"}],"replies":[{"embeddable":true,"href":"http:\/\/WWW.derivesdansleglisecatholique.fr\/index.php?rest_route=%2Fwp%2Fv2%2Fcomments&post=1346"}],"version-history":[{"count":2,"href":"http:\/\/WWW.derivesdansleglisecatholique.fr\/index.php?rest_route=\/wp\/v2\/posts\/1346\/revisions"}],"predecessor-version":[{"id":1348,"href":"http:\/\/WWW.derivesdansleglisecatholique.fr\/index.php?rest_route=\/wp\/v2\/posts\/1346\/revisions\/1348"}],"wp:attachment":[{"href":"http:\/\/WWW.derivesdansleglisecatholique.fr\/index.php?rest_route=%2Fwp%2Fv2%2Fmedia&parent=1346"}],"wp:term":[{"taxonomy":"category","embeddable":true,"href":"http:\/\/WWW.derivesdansleglisecatholique.fr\/index.php?rest_route=%2Fwp%2Fv2%2Fcategories&post=1346"},{"taxonomy":"post_tag","embeddable":true,"href":"http:\/\/WWW.derivesdansleglisecatholique.fr\/index.php?rest_route=%2Fwp%2Fv2%2Ftags&post=1346"}],"curies":[{"name":"wp","href":"https:\/\/api.w.org\/{rel}","templated":true}]}}