{"id":1382,"date":"2017-09-27T14:07:38","date_gmt":"2017-09-27T13:07:38","guid":{"rendered":"http:\/\/WWW.derivesdansleglisecatholique.fr\/?p=1382"},"modified":"2017-09-27T14:07:38","modified_gmt":"2017-09-27T13:07:38","slug":"cest-plus-complique-ca","status":"publish","type":"post","link":"http:\/\/WWW.derivesdansleglisecatholique.fr\/?p=1382","title":{"rendered":"C\u2019est plus compliqu\u00e9 que \u00e7a \u2026"},"content":{"rendered":"<p>&nbsp;<\/p>\n<p><span style=\"color: #ffcc99;\">.<\/span><\/p>\n<p style=\"padding-left: 30px;\"><span style=\"font-family: 'times new roman', times, serif; font-size: 12pt;\">Plusieurs parents ont eu encore r\u00e9cemment l\u2019opportunit\u00e9 de rencontrer des responsables eccl\u00e9siaux dans leurs dioc\u00e8ses respectifs. Une occasion de plus de \u00a0les interpeler sur ce fl\u00e9au psycho-spirituel qui ravage des familles, et de les mettre face \u00e0 leurs responsabilit\u00e9s pour aider les victimes. Ils leur ont r\u00e9pondu doctement \u00a0\u00ab\u00a0 c\u2019est plus compliqu\u00e9 que \u00e7a\u00a0\u00bb. Une phrase sibylline qui colle bien au psycho-spirituel.<\/span><\/p>\n<p><span style=\"color: #ffcc99;\">.<\/span><\/p>\n<p style=\"padding-left: 30px;\"><span style=\"font-family: 'times new roman', times, serif; font-size: 12pt;\">En attendant que ce soit \u00ab\u00a0moins compliqu\u00e9\u00a0\u00bb, ce mal continue en s\u2019amplifiant au fil des ann\u00e9es\u2026<\/span><\/p>\n<p><span style=\"color: #ffcc99;\">.<\/span><\/p>\n<p style=\"padding-left: 30px;\"><span style=\"font-family: 'times new roman', times, serif; font-size: 12pt;\">On observe que certaines personnes qui ont \u00e9t\u00e9 soumises \u00e0 cette manipulation, malgr\u00e9 des suivis psychiatriques, m\u00eame apr\u00e8s hospitalisations, continuent leur gal\u00e8re. Elles n\u2019en sont pas vraiment lib\u00e9r\u00e9es. L\u2019une d\u2019entre elles nous disait \u00ab\u00a0 j\u2019ai quitt\u00e9 la communaut\u00e9 depuis des ann\u00e9es et aujourd\u2019hui, je vis encore dans la communaut\u00e9\u00a0\u00bb. C\u2019est effrayant\u00a0!<\/span><\/p>\n<p><span style=\"color: #ffcc99;\">.<\/span><\/p>\n<p style=\"padding-left: 30px;\"><span style=\"font-family: 'times new roman', times, serif; font-size: 12pt;\">D\u2019autres en revanche apr\u00e8s le m\u00eame suivi m\u00e9dical, s\u2019en sont sorties.\u00a0 La diff\u00e9rence entre les deux cas\u00a0? Celles qui s\u2019en sont tir\u00e9es, sont devenues ath\u00e9es. Celles qui continuent \u00e0 gal\u00e9rer, ont gard\u00e9 la foi.<\/span><\/p>\n<p><span style=\"color: #ffcc99;\">.<\/span><\/p>\n<p style=\"padding-left: 30px;\"><span style=\"font-family: 'times new roman', times, serif; font-size: 12pt;\">Cela nous a interpel\u00e9s. A l\u2019analyse, c\u2019est tout \u00e0 fait logique. Le psycho-spirituel est un entortillement des plans spirituel et psychique. Dans la confusion ainsi cr\u00e9\u00e9e, la foi catholique d\u00e9voy\u00e9e dans le plan spirituel, est inject\u00e9e dans le psychisme, pour l\u2019infester et s\u2019y installer. Or, le psychisme n\u2019est pas fait pour \u00e7a. Les personnes qui ont rejet\u00e9 cette foi \u00ab\u00a0psychologisante\u00a0\u00bb, ont pu retrouver leur libert\u00e9. Celles qui ont gard\u00e9 une accroche si petite soit-elle\u00a0 ne s\u2019en sortent pas.<\/span><\/p>\n<p><span style=\"color: #ffcc99;\">.<\/span><\/p>\n<p style=\"padding-left: 30px;\"><span style=\"font-family: 'times new roman', times, serif; font-size: 12pt;\">De quelle foi s\u2019agit-il\u00a0? C\u2019est une religiosit\u00e9 du Nouvel \u00c2ge qui cache une des pires manipulations mentales. Les victimes n\u2019ont pas choisi d\u2019\u00eatre infest\u00e9es par cette calamit\u00e9. Elles se sont fait pi\u00e9ger dans des communaut\u00e9s d\u00e9viantes et\/ou des gourous, sous caution de l\u2019autorit\u00e9 \u00e9piscopale\u00a0! Si les \u00e9v\u00eaques avaient \u00e9t\u00e9 prudents, simplement s\u2019ils avaient v\u00e9rifi\u00e9 la doctrine, ce qui \u00e9tait leur devoir, il n\u2019y aurait pas de victime. Mais, le psycho-spirituel \u00a0se voulait le top niveau du label catho. L\u2019idiotie des th\u00e9ories \u00ab\u00a0blessures et gu\u00e9rison\u00a0\u00bb enflammait la cervelle de bon nombre \u2026 La s\u00e9duction bien orchestr\u00e9e de cette nouveaut\u00e9, faisait le reste et le pire s\u2019en est suivi.<\/span><\/p>\n<p><span style=\"color: #ffcc99;\">.<\/span><\/p>\n<p style=\"padding-left: 30px;\"><span style=\"font-family: 'times new roman', times, serif; font-size: 12pt;\">Il est \u00e9vident aujourd\u2019hui, qu\u2019il n\u2019y a rien \u00e0 attendre de ces illusionnistes. En revanche, c\u2019est aux \u00e9v\u00eaques qu\u2019il revient, parce qu\u2019ils ont failli, d\u2019aider les victimes de leurs \u00e9garements. Dans le monde du travail, dans la soci\u00e9t\u00e9, c\u2019est ce qu\u2019il se passe. Pourquoi dans l\u2019Eglise en irait-il autrement ? Il semble au contraire que la charit\u00e9 exigerait plus\u2026.C\u2019est donc avec cette autorit\u00e9 dont sont investit nos \u00e9v\u00eaques, qu\u2019ils doivent remettre la foi \u00e0 l\u2019endroit. La manipulation est entr\u00e9e par la porte du spirituel, c\u2019est par l\u00e0 qu\u2019elle doit sortir. Ce sont eux qui ont la cl\u00e9. Ce qui permettra aux th\u00e9rapies faites par des psychologues ou psychiatres dipl\u00f4m\u00e9s, de pouvoir travailler sur un psychisme d\u00e9pollu\u00e9. C\u2019est le travail incontournable pour tenter de r\u00e9parer les d\u00e9g\u00e2ts des apprentis sorciers \u00ab\u00a0es-<em>blessures-et-gu\u00e9rison<\/em>\u00bb. Un lourd passif\u00a0!<\/span><\/p>\n<p><span style=\"color: #ffcc99;\">.<\/span><\/p>\n<p style=\"padding-left: 30px;\"><span style=\"font-family: 'times new roman', times, serif; font-size: 12pt;\">Les \u00e9v\u00eaques le savent depuis des ann\u00e9es, \u00a0tout comme les responsables eccl\u00e9siaux que ces parents ont eu l\u2019occasion de rencontrer r\u00e9cemment. La r\u00e9ponse est la m\u00eame. A croire qu\u2019ils se sont donn\u00e9 le mot\u00a0: \u00ab\u00a0 c\u2019est plus compliqu\u00e9 que \u00e7a\u2026\u00a0\u00bb. C\u2019est toujours compliqu\u00e9 lorsqu\u2019on pr\u00e9f\u00e8re le camouflage \u00e0 la v\u00e9rit\u00e9. Cela l\u2019est aussi pour les \u00e9v\u00eaques qui se sont aventur\u00e9s dans ce mar\u00e9cage et y pataugent encore,\u00a0 mais pour les autres\u00a0: ceux qui sont critiques, ceux qui savent, qui ont vu et qui laissent \u00a0faire\u00a0?\u00a0? \u2026<\/span><\/p>\n<p><span style=\"color: #ffcc99;\">.<\/span><\/p>\n<p style=\"padding-left: 30px;\"><span style=\"font-family: 'times new roman', times, serif; font-size: 12pt;\">\u00ab\u00a0C\u2019est plus compliqu\u00e9\u00a0que \u00e7a\u00a0\u00bb\u2026 ? Allons donc\u00a0! C\u2019est une plaisanterie. Il suffit de le vouloir et de quelques \u00e9v\u00eaques courageux pour s\u2019y atteler. N\u2019y en aurait-il aucun\u00a0? \u00a0\u00a0Ils n\u2019ont pas le temps\u00a0? Il leur suffira pour le trouver de mod\u00e9rer \u00a0leur \u00a0r\u00e9unionite aig\u00fce et de se mettre au travail. \u00a0<\/span><\/p>\n<p><span style=\"color: #ffcc99;\">.<\/span><\/p>\n<p style=\"padding-left: 30px; text-align: center;\"><span style=\"font-family: 'times new roman', times, serif; font-size: 12pt; color: #0000ff;\"><strong>\u00ab\u00a0C\u2019est plus compliqu\u00e9 que \u00e7a \u2026\u00a0\u00bb \u00a0Nous prendraient-ils pour des imb\u00e9ciles\u00a0? <\/strong><\/span><\/p>\n<p style=\"padding-left: 30px; text-align: center;\"><span style=\"font-family: 'times new roman', times, serif; font-size: 12pt; color: #0000ff;\"><strong>Auquel cas, \u00a0nous leur pr\u00e9cisons\u00a0:<\/strong><\/span><\/p>\n<p style=\"padding-left: 30px; text-align: center;\"><span style=\"font-family: 'times new roman', times, serif; font-size: 12pt; color: #0000ff;\"><strong>\u00ab\u00a0Le psycho-spirituel, c\u2019est une torpille. Croyez-vous qu\u2019il ne nous ait pas \u00e9t\u00e9 compliqu\u00e9 de savoir d\u2019o\u00f9 elle venait, qui l\u2019avait fabriqu\u00e9e, ce qu\u2019elle contenait, qui nous l\u2019a envoy\u00e9e,\u00a0 et pourquoi\u00a0? Nous nous sommes donn\u00e9 les moyens de comprendre, d\u2019analyser et de d\u00e9noncer parce qu\u2019il est hors de question d\u2019accepter ce que nous subissons. Nous sommes des la\u00efcs, nous avons pris le temps malgr\u00e9 nos obligations professionnelles, familiales etc. de faire le travail que vous auriez du faire. Au final, \u00a0nous vous renvoyons la torpille. A vous de voir si vous voulez la d\u00e9samorcer ou la laisser exploser.\u00a0\u00bb<\/strong><\/span><\/p>\n<p><span style=\"color: #ffcc99;\">.<\/span><\/p>\n","protected":false},"excerpt":{"rendered":"<p>&nbsp; . Plusieurs parents ont eu encore r\u00e9cemment l\u2019opportunit\u00e9 de rencontrer des responsables eccl\u00e9siaux dans leurs dioc\u00e8ses respectifs. Une occasion de plus de \u00a0les interpeler sur ce fl\u00e9au psycho-spirituel qui ravage des familles, et de les mettre face \u00e0 leurs responsabilit\u00e9s pour aider les victimes. Ils leur ont r\u00e9pondu doctement \u00a0\u00ab\u00a0 c\u2019est plus compliqu\u00e9 que <span class=\"ellipsis\">&hellip;<\/span> <span class=\"more-link-wrap\"><a href=\"http:\/\/WWW.derivesdansleglisecatholique.fr\/?p=1382\" class=\"more-link\"><span>Read More &rarr;<\/span><\/a><\/span><\/p>\n","protected":false},"author":3,"featured_media":0,"comment_status":"closed","ping_status":"closed","sticky":false,"template":"","format":"standard","meta":{"footnotes":""},"categories":[1],"tags":[],"class_list":["post-1382","post","type-post","status-publish","format-standard","hentry","category-non-classe"],"yoast_head":"<!-- This site is optimized with the Yoast SEO plugin v27.4 - https:\/\/yoast.com\/product\/yoast-seo-wordpress\/ -->\n<title>C\u2019est plus compliqu\u00e9 que \u00e7a \u2026 - D\u00e9rives dans l&#039;eglise catholique<\/title>\n<meta name=\"robots\" content=\"index, follow, max-snippet:-1, max-image-preview:large, max-video-preview:-1\" \/>\n<link rel=\"canonical\" href=\"http:\/\/WWW.derivesdansleglisecatholique.fr\/?p=1382\" \/>\n<meta property=\"og:locale\" content=\"fr_FR\" \/>\n<meta property=\"og:type\" content=\"article\" \/>\n<meta property=\"og:title\" content=\"C\u2019est plus compliqu\u00e9 que \u00e7a \u2026 - D\u00e9rives dans l&#039;eglise catholique\" \/>\n<meta property=\"og:description\" content=\"&nbsp; . Plusieurs parents ont eu encore r\u00e9cemment l\u2019opportunit\u00e9 de rencontrer des responsables eccl\u00e9siaux dans leurs dioc\u00e8ses respectifs. Une occasion de plus de \u00a0les interpeler sur ce fl\u00e9au psycho-spirituel qui ravage des familles, et de les mettre face \u00e0 leurs responsabilit\u00e9s pour aider les victimes. Ils leur ont r\u00e9pondu doctement \u00a0\u00ab\u00a0 c\u2019est plus compliqu\u00e9 que &hellip; Read More &rarr;\" \/>\n<meta property=\"og:url\" content=\"http:\/\/WWW.derivesdansleglisecatholique.fr\/?p=1382\" \/>\n<meta property=\"og:site_name\" content=\"D\u00e9rives dans l&#039;eglise catholique\" \/>\n<meta property=\"article:published_time\" content=\"2017-09-27T13:07:38+00:00\" \/>\n<meta name=\"author\" content=\"WYZ\" \/>\n<meta name=\"twitter:label1\" content=\"\u00c9crit par\" \/>\n\t<meta name=\"twitter:data1\" content=\"WYZ\" \/>\n\t<meta name=\"twitter:label2\" content=\"Dur\u00e9e de lecture estim\u00e9e\" \/>\n\t<meta name=\"twitter:data2\" content=\"4 minutes\" \/>\n<script type=\"application\/ld+json\" class=\"yoast-schema-graph\">{\"@context\":\"https:\\\/\\\/schema.org\",\"@graph\":[{\"@type\":\"Article\",\"@id\":\"http:\\\/\\\/WWW.derivesdansleglisecatholique.fr\\\/?p=1382#article\",\"isPartOf\":{\"@id\":\"http:\\\/\\\/WWW.derivesdansleglisecatholique.fr\\\/?p=1382\"},\"author\":{\"name\":\"WYZ\",\"@id\":\"https:\\\/\\\/WWW.derivesdansleglisecatholique.fr\\\/#\\\/schema\\\/person\\\/ffb02afe1a91585220a46c7ee86ebb52\"},\"headline\":\"C\u2019est plus compliqu\u00e9 que \u00e7a \u2026\",\"datePublished\":\"2017-09-27T13:07:38+00:00\",\"mainEntityOfPage\":{\"@id\":\"http:\\\/\\\/WWW.derivesdansleglisecatholique.fr\\\/?p=1382\"},\"wordCount\":858,\"inLanguage\":\"fr-FR\"},{\"@type\":\"WebPage\",\"@id\":\"http:\\\/\\\/WWW.derivesdansleglisecatholique.fr\\\/?p=1382\",\"url\":\"http:\\\/\\\/WWW.derivesdansleglisecatholique.fr\\\/?p=1382\",\"name\":\"C\u2019est plus compliqu\u00e9 que \u00e7a \u2026 - D\u00e9rives dans l&#039;eglise catholique\",\"isPartOf\":{\"@id\":\"https:\\\/\\\/WWW.derivesdansleglisecatholique.fr\\\/#website\"},\"datePublished\":\"2017-09-27T13:07:38+00:00\",\"author\":{\"@id\":\"https:\\\/\\\/WWW.derivesdansleglisecatholique.fr\\\/#\\\/schema\\\/person\\\/ffb02afe1a91585220a46c7ee86ebb52\"},\"breadcrumb\":{\"@id\":\"http:\\\/\\\/WWW.derivesdansleglisecatholique.fr\\\/?p=1382#breadcrumb\"},\"inLanguage\":\"fr-FR\",\"potentialAction\":[{\"@type\":\"ReadAction\",\"target\":[\"http:\\\/\\\/WWW.derivesdansleglisecatholique.fr\\\/?p=1382\"]}]},{\"@type\":\"BreadcrumbList\",\"@id\":\"http:\\\/\\\/WWW.derivesdansleglisecatholique.fr\\\/?p=1382#breadcrumb\",\"itemListElement\":[{\"@type\":\"ListItem\",\"position\":1,\"name\":\"Accueil\",\"item\":\"https:\\\/\\\/WWW.derivesdansleglisecatholique.fr\\\/\"},{\"@type\":\"ListItem\",\"position\":2,\"name\":\"C\u2019est plus compliqu\u00e9 que \u00e7a \u2026\"}]},{\"@type\":\"WebSite\",\"@id\":\"https:\\\/\\\/WWW.derivesdansleglisecatholique.fr\\\/#website\",\"url\":\"https:\\\/\\\/WWW.derivesdansleglisecatholique.fr\\\/\",\"name\":\"D\u00e9rives dans l&#039;eglise catholique\",\"description\":\"Justice et V\u00e9rit\u00e9 pour les familles\",\"potentialAction\":[{\"@type\":\"SearchAction\",\"target\":{\"@type\":\"EntryPoint\",\"urlTemplate\":\"https:\\\/\\\/WWW.derivesdansleglisecatholique.fr\\\/?s={search_term_string}\"},\"query-input\":{\"@type\":\"PropertyValueSpecification\",\"valueRequired\":true,\"valueName\":\"search_term_string\"}}],\"inLanguage\":\"fr-FR\"},{\"@type\":\"Person\",\"@id\":\"https:\\\/\\\/WWW.derivesdansleglisecatholique.fr\\\/#\\\/schema\\\/person\\\/ffb02afe1a91585220a46c7ee86ebb52\",\"name\":\"WYZ\",\"image\":{\"@type\":\"ImageObject\",\"inLanguage\":\"fr-FR\",\"@id\":\"https:\\\/\\\/secure.gravatar.com\\\/avatar\\\/a89d00b3ba7470cc3ee7cd3383b662f0ffff221bd43470000a0b0e1c236977ff?s=96&r=g\",\"url\":\"https:\\\/\\\/secure.gravatar.com\\\/avatar\\\/a89d00b3ba7470cc3ee7cd3383b662f0ffff221bd43470000a0b0e1c236977ff?s=96&r=g\",\"contentUrl\":\"https:\\\/\\\/secure.gravatar.com\\\/avatar\\\/a89d00b3ba7470cc3ee7cd3383b662f0ffff221bd43470000a0b0e1c236977ff?s=96&r=g\",\"caption\":\"WYZ\"},\"url\":\"http:\\\/\\\/WWW.derivesdansleglisecatholique.fr\\\/?author=3\"}]}<\/script>\n<!-- \/ Yoast SEO plugin. -->","yoast_head_json":{"title":"C\u2019est plus compliqu\u00e9 que \u00e7a \u2026 - D\u00e9rives dans l&#039;eglise catholique","robots":{"index":"index","follow":"follow","max-snippet":"max-snippet:-1","max-image-preview":"max-image-preview:large","max-video-preview":"max-video-preview:-1"},"canonical":"http:\/\/WWW.derivesdansleglisecatholique.fr\/?p=1382","og_locale":"fr_FR","og_type":"article","og_title":"C\u2019est plus compliqu\u00e9 que \u00e7a \u2026 - D\u00e9rives dans l&#039;eglise catholique","og_description":"&nbsp; . Plusieurs parents ont eu encore r\u00e9cemment l\u2019opportunit\u00e9 de rencontrer des responsables eccl\u00e9siaux dans leurs dioc\u00e8ses respectifs. Une occasion de plus de \u00a0les interpeler sur ce fl\u00e9au psycho-spirituel qui ravage des familles, et de les mettre face \u00e0 leurs responsabilit\u00e9s pour aider les victimes. Ils leur ont r\u00e9pondu doctement \u00a0\u00ab\u00a0 c\u2019est plus compliqu\u00e9 que &hellip; Read More &rarr;","og_url":"http:\/\/WWW.derivesdansleglisecatholique.fr\/?p=1382","og_site_name":"D\u00e9rives dans l&#039;eglise catholique","article_published_time":"2017-09-27T13:07:38+00:00","author":"WYZ","twitter_misc":{"\u00c9crit par":"WYZ","Dur\u00e9e de lecture estim\u00e9e":"4 minutes"},"schema":{"@context":"https:\/\/schema.org","@graph":[{"@type":"Article","@id":"http:\/\/WWW.derivesdansleglisecatholique.fr\/?p=1382#article","isPartOf":{"@id":"http:\/\/WWW.derivesdansleglisecatholique.fr\/?p=1382"},"author":{"name":"WYZ","@id":"https:\/\/WWW.derivesdansleglisecatholique.fr\/#\/schema\/person\/ffb02afe1a91585220a46c7ee86ebb52"},"headline":"C\u2019est plus compliqu\u00e9 que \u00e7a \u2026","datePublished":"2017-09-27T13:07:38+00:00","mainEntityOfPage":{"@id":"http:\/\/WWW.derivesdansleglisecatholique.fr\/?p=1382"},"wordCount":858,"inLanguage":"fr-FR"},{"@type":"WebPage","@id":"http:\/\/WWW.derivesdansleglisecatholique.fr\/?p=1382","url":"http:\/\/WWW.derivesdansleglisecatholique.fr\/?p=1382","name":"C\u2019est plus compliqu\u00e9 que \u00e7a \u2026 - D\u00e9rives dans l&#039;eglise catholique","isPartOf":{"@id":"https:\/\/WWW.derivesdansleglisecatholique.fr\/#website"},"datePublished":"2017-09-27T13:07:38+00:00","author":{"@id":"https:\/\/WWW.derivesdansleglisecatholique.fr\/#\/schema\/person\/ffb02afe1a91585220a46c7ee86ebb52"},"breadcrumb":{"@id":"http:\/\/WWW.derivesdansleglisecatholique.fr\/?p=1382#breadcrumb"},"inLanguage":"fr-FR","potentialAction":[{"@type":"ReadAction","target":["http:\/\/WWW.derivesdansleglisecatholique.fr\/?p=1382"]}]},{"@type":"BreadcrumbList","@id":"http:\/\/WWW.derivesdansleglisecatholique.fr\/?p=1382#breadcrumb","itemListElement":[{"@type":"ListItem","position":1,"name":"Accueil","item":"https:\/\/WWW.derivesdansleglisecatholique.fr\/"},{"@type":"ListItem","position":2,"name":"C\u2019est plus compliqu\u00e9 que \u00e7a \u2026"}]},{"@type":"WebSite","@id":"https:\/\/WWW.derivesdansleglisecatholique.fr\/#website","url":"https:\/\/WWW.derivesdansleglisecatholique.fr\/","name":"D\u00e9rives dans l&#039;eglise catholique","description":"Justice et V\u00e9rit\u00e9 pour les familles","potentialAction":[{"@type":"SearchAction","target":{"@type":"EntryPoint","urlTemplate":"https:\/\/WWW.derivesdansleglisecatholique.fr\/?s={search_term_string}"},"query-input":{"@type":"PropertyValueSpecification","valueRequired":true,"valueName":"search_term_string"}}],"inLanguage":"fr-FR"},{"@type":"Person","@id":"https:\/\/WWW.derivesdansleglisecatholique.fr\/#\/schema\/person\/ffb02afe1a91585220a46c7ee86ebb52","name":"WYZ","image":{"@type":"ImageObject","inLanguage":"fr-FR","@id":"https:\/\/secure.gravatar.com\/avatar\/a89d00b3ba7470cc3ee7cd3383b662f0ffff221bd43470000a0b0e1c236977ff?s=96&r=g","url":"https:\/\/secure.gravatar.com\/avatar\/a89d00b3ba7470cc3ee7cd3383b662f0ffff221bd43470000a0b0e1c236977ff?s=96&r=g","contentUrl":"https:\/\/secure.gravatar.com\/avatar\/a89d00b3ba7470cc3ee7cd3383b662f0ffff221bd43470000a0b0e1c236977ff?s=96&r=g","caption":"WYZ"},"url":"http:\/\/WWW.derivesdansleglisecatholique.fr\/?author=3"}]}},"_links":{"self":[{"href":"http:\/\/WWW.derivesdansleglisecatholique.fr\/index.php?rest_route=\/wp\/v2\/posts\/1382","targetHints":{"allow":["GET"]}}],"collection":[{"href":"http:\/\/WWW.derivesdansleglisecatholique.fr\/index.php?rest_route=\/wp\/v2\/posts"}],"about":[{"href":"http:\/\/WWW.derivesdansleglisecatholique.fr\/index.php?rest_route=\/wp\/v2\/types\/post"}],"author":[{"embeddable":true,"href":"http:\/\/WWW.derivesdansleglisecatholique.fr\/index.php?rest_route=\/wp\/v2\/users\/3"}],"replies":[{"embeddable":true,"href":"http:\/\/WWW.derivesdansleglisecatholique.fr\/index.php?rest_route=%2Fwp%2Fv2%2Fcomments&post=1382"}],"version-history":[{"count":1,"href":"http:\/\/WWW.derivesdansleglisecatholique.fr\/index.php?rest_route=\/wp\/v2\/posts\/1382\/revisions"}],"predecessor-version":[{"id":1383,"href":"http:\/\/WWW.derivesdansleglisecatholique.fr\/index.php?rest_route=\/wp\/v2\/posts\/1382\/revisions\/1383"}],"wp:attachment":[{"href":"http:\/\/WWW.derivesdansleglisecatholique.fr\/index.php?rest_route=%2Fwp%2Fv2%2Fmedia&parent=1382"}],"wp:term":[{"taxonomy":"category","embeddable":true,"href":"http:\/\/WWW.derivesdansleglisecatholique.fr\/index.php?rest_route=%2Fwp%2Fv2%2Fcategories&post=1382"},{"taxonomy":"post_tag","embeddable":true,"href":"http:\/\/WWW.derivesdansleglisecatholique.fr\/index.php?rest_route=%2Fwp%2Fv2%2Ftags&post=1382"}],"curies":[{"name":"wp","href":"https:\/\/api.w.org\/{rel}","templated":true}]}}