{"id":5264,"date":"2018-05-14T20:15:20","date_gmt":"2018-05-14T19:15:20","guid":{"rendered":"http:\/\/WWW.derivesdansleglisecatholique.fr\/?p=5264"},"modified":"2018-05-14T20:15:20","modified_gmt":"2018-05-14T19:15:20","slug":"moi-clara-viree-de-leglise","status":"publish","type":"post","link":"http:\/\/WWW.derivesdansleglisecatholique.fr\/?p=5264","title":{"rendered":"Moi, Clara vir\u00e9e de l\u2019\u00c9glise"},"content":{"rendered":"<p class=\"MsoNormal\" style=\"text-align: center; padding-left: 30px;\" align=\"center\"><span style=\"font-family: times new roman, times, serif; font-size: 16pt;\"><b style=\"mso-bidi-font-weight: normal;\">\u00ab\u00a0Moi, Clara vir\u00e9e de l\u2019\u00c9glise \u00bb<\/b><\/span><\/p>\n<p align=\"center\">\n<p class=\"MsoNormal\" style=\"padding-left: 30px; text-align: center;\"><span style=\"font-family: times new roman, times, serif; font-size: 14pt;\">Le titre de l\u2019article paru dans le Golias Hebdo de la<span style=\"mso-spacerun: yes;\">\u00a0 <\/span>semaine du 3 au 9 mai 2018. Nous ne le commenterons pas, il se suffit. C\u2019est avec l\u2019aimable autorisation de Golias que nous le publions.<span style=\"mso-spacerun: yes;\">\u00a0\u00a0 <\/span><\/span><span style=\"mso-spacerun: yes;\">\u00a0\u00a0<\/span><\/p>\n<p>&nbsp;<\/p>\n<p><a href=\"http:\/\/WWW.derivesdansleglisecatholique.fr\/?attachment_id=5263\" rel=\"attachment wp-att-5263\"><img loading=\"lazy\" decoding=\"async\" class=\"aligncenter wp-image-5263\" src=\"http:\/\/derivesdansleglisecatholique.fr\/wp-content\/uploads\/2018\/05\/moi-clara.jpg\" alt=\"\" width=\"745\" height=\"1046\" srcset=\"http:\/\/derivesdansleglisecatholique.fr\/wp-content\/uploads\/2018\/05\/moi-clara.jpg 649w, http:\/\/derivesdansleglisecatholique.fr\/wp-content\/uploads\/2018\/05\/moi-clara-214x300.jpg 214w\" sizes=\"auto, (max-width: 745px) 100vw, 745px\" \/><\/a><\/p>\n<p><a href=\"http:\/\/WWW.derivesdansleglisecatholique.fr\/?attachment_id=5262\" rel=\"attachment wp-att-5262\"><img loading=\"lazy\" decoding=\"async\" class=\"aligncenter wp-image-5262\" src=\"http:\/\/derivesdansleglisecatholique.fr\/wp-content\/uploads\/2018\/05\/moi-clara1.jpg\" alt=\"\" width=\"745\" height=\"1035\" srcset=\"http:\/\/derivesdansleglisecatholique.fr\/wp-content\/uploads\/2018\/05\/moi-clara1.jpg 655w, http:\/\/derivesdansleglisecatholique.fr\/wp-content\/uploads\/2018\/05\/moi-clara1-216x300.jpg 216w\" sizes=\"auto, (max-width: 745px) 100vw, 745px\" \/><\/a><\/p>\n<p><a href=\"http:\/\/WWW.derivesdansleglisecatholique.fr\/?attachment_id=5261\" rel=\"attachment wp-att-5261\"><img loading=\"lazy\" decoding=\"async\" class=\"aligncenter wp-image-5261\" src=\"http:\/\/derivesdansleglisecatholique.fr\/wp-content\/uploads\/2018\/05\/moi-clara2.jpg\" alt=\"\" width=\"745\" height=\"688\" srcset=\"http:\/\/derivesdansleglisecatholique.fr\/wp-content\/uploads\/2018\/05\/moi-clara2.jpg 975w, http:\/\/derivesdansleglisecatholique.fr\/wp-content\/uploads\/2018\/05\/moi-clara2-300x277.jpg 300w, http:\/\/derivesdansleglisecatholique.fr\/wp-content\/uploads\/2018\/05\/moi-clara2-768x710.jpg 768w\" sizes=\"auto, (max-width: 745px) 100vw, 745px\" \/><\/a><\/p>\n<p><a href=\"http:\/\/WWW.derivesdansleglisecatholique.fr\/?attachment_id=5260\" rel=\"attachment wp-att-5260\"><img loading=\"lazy\" decoding=\"async\" class=\"aligncenter wp-image-5260\" src=\"http:\/\/derivesdansleglisecatholique.fr\/wp-content\/uploads\/2018\/05\/moi-clara3.jpg\" alt=\"\" width=\"745\" height=\"1087\" srcset=\"http:\/\/derivesdansleglisecatholique.fr\/wp-content\/uploads\/2018\/05\/moi-clara3.jpg 620w, http:\/\/derivesdansleglisecatholique.fr\/wp-content\/uploads\/2018\/05\/moi-clara3-206x300.jpg 206w\" sizes=\"auto, (max-width: 745px) 100vw, 745px\" \/><\/a><\/p>\n","protected":false},"excerpt":{"rendered":"<p>\u00ab\u00a0Moi, Clara vir\u00e9e de l\u2019\u00c9glise \u00bb Le titre de l\u2019article paru dans le Golias Hebdo de la\u00a0 semaine du 3 au 9 mai 2018. Nous ne le commenterons pas, il se suffit. C\u2019est avec l\u2019aimable autorisation de Golias que nous le publions.\u00a0\u00a0 \u00a0\u00a0 &nbsp;<\/p>\n","protected":false},"author":2,"featured_media":0,"comment_status":"closed","ping_status":"closed","sticky":false,"template":"","format":"standard","meta":{"footnotes":""},"categories":[1],"tags":[],"class_list":["post-5264","post","type-post","status-publish","format-standard","hentry","category-non-classe"],"yoast_head":"<!-- This site is optimized with the Yoast SEO plugin v27.4 - https:\/\/yoast.com\/product\/yoast-seo-wordpress\/ -->\n<title>Moi, Clara vir\u00e9e de l\u2019\u00c9glise - D\u00e9rives dans l&#039;eglise catholique<\/title>\n<meta name=\"robots\" content=\"index, follow, max-snippet:-1, max-image-preview:large, max-video-preview:-1\" \/>\n<link rel=\"canonical\" href=\"https:\/\/WWW.derivesdansleglisecatholique.fr\/?p=5264\" \/>\n<meta property=\"og:locale\" content=\"fr_FR\" \/>\n<meta property=\"og:type\" content=\"article\" \/>\n<meta property=\"og:title\" content=\"Moi, Clara vir\u00e9e de l\u2019\u00c9glise - D\u00e9rives dans l&#039;eglise catholique\" \/>\n<meta property=\"og:description\" content=\"\u00ab\u00a0Moi, Clara vir\u00e9e de l\u2019\u00c9glise \u00bb Le titre de l\u2019article paru dans le Golias Hebdo de la\u00a0 semaine du 3 au 9 mai 2018. Nous ne le commenterons pas, il se suffit. C\u2019est avec l\u2019aimable autorisation de Golias que nous le publions.\u00a0\u00a0 \u00a0\u00a0 &nbsp;\" \/>\n<meta property=\"og:url\" content=\"https:\/\/WWW.derivesdansleglisecatholique.fr\/?p=5264\" \/>\n<meta property=\"og:site_name\" content=\"D\u00e9rives dans l&#039;eglise catholique\" \/>\n<meta property=\"article:published_time\" content=\"2018-05-14T19:15:20+00:00\" \/>\n<meta property=\"og:image\" content=\"http:\/\/derivesdansleglisecatholique.fr\/wp-content\/uploads\/2018\/05\/moi-clara.jpg\" \/>\n<meta name=\"author\" content=\"ZWY\" \/>\n<meta name=\"twitter:label1\" content=\"\u00c9crit par\" \/>\n\t<meta name=\"twitter:data1\" content=\"ZWY\" \/>\n<script type=\"application\/ld+json\" class=\"yoast-schema-graph\">{\"@context\":\"https:\\\/\\\/schema.org\",\"@graph\":[{\"@type\":\"Article\",\"@id\":\"https:\\\/\\\/WWW.derivesdansleglisecatholique.fr\\\/?p=5264#article\",\"isPartOf\":{\"@id\":\"https:\\\/\\\/WWW.derivesdansleglisecatholique.fr\\\/?p=5264\"},\"author\":{\"name\":\"ZWY\",\"@id\":\"https:\\\/\\\/WWW.derivesdansleglisecatholique.fr\\\/#\\\/schema\\\/person\\\/00e384b3d6f532a9ea54aafa9d4bde0e\"},\"headline\":\"Moi, Clara vir\u00e9e de l\u2019\u00c9glise\",\"datePublished\":\"2018-05-14T19:15:20+00:00\",\"mainEntityOfPage\":{\"@id\":\"https:\\\/\\\/WWW.derivesdansleglisecatholique.fr\\\/?p=5264\"},\"wordCount\":51,\"image\":{\"@id\":\"https:\\\/\\\/WWW.derivesdansleglisecatholique.fr\\\/?p=5264#primaryimage\"},\"thumbnailUrl\":\"http:\\\/\\\/derivesdansleglisecatholique.fr\\\/wp-content\\\/uploads\\\/2018\\\/05\\\/moi-clara.jpg\",\"inLanguage\":\"fr-FR\"},{\"@type\":\"WebPage\",\"@id\":\"https:\\\/\\\/WWW.derivesdansleglisecatholique.fr\\\/?p=5264\",\"url\":\"https:\\\/\\\/WWW.derivesdansleglisecatholique.fr\\\/?p=5264\",\"name\":\"Moi, Clara vir\u00e9e de l\u2019\u00c9glise - D\u00e9rives dans l&#039;eglise catholique\",\"isPartOf\":{\"@id\":\"https:\\\/\\\/WWW.derivesdansleglisecatholique.fr\\\/#website\"},\"primaryImageOfPage\":{\"@id\":\"https:\\\/\\\/WWW.derivesdansleglisecatholique.fr\\\/?p=5264#primaryimage\"},\"image\":{\"@id\":\"https:\\\/\\\/WWW.derivesdansleglisecatholique.fr\\\/?p=5264#primaryimage\"},\"thumbnailUrl\":\"http:\\\/\\\/derivesdansleglisecatholique.fr\\\/wp-content\\\/uploads\\\/2018\\\/05\\\/moi-clara.jpg\",\"datePublished\":\"2018-05-14T19:15:20+00:00\",\"author\":{\"@id\":\"https:\\\/\\\/WWW.derivesdansleglisecatholique.fr\\\/#\\\/schema\\\/person\\\/00e384b3d6f532a9ea54aafa9d4bde0e\"},\"breadcrumb\":{\"@id\":\"https:\\\/\\\/WWW.derivesdansleglisecatholique.fr\\\/?p=5264#breadcrumb\"},\"inLanguage\":\"fr-FR\",\"potentialAction\":[{\"@type\":\"ReadAction\",\"target\":[\"https:\\\/\\\/WWW.derivesdansleglisecatholique.fr\\\/?p=5264\"]}]},{\"@type\":\"ImageObject\",\"inLanguage\":\"fr-FR\",\"@id\":\"https:\\\/\\\/WWW.derivesdansleglisecatholique.fr\\\/?p=5264#primaryimage\",\"url\":\"http:\\\/\\\/derivesdansleglisecatholique.fr\\\/wp-content\\\/uploads\\\/2018\\\/05\\\/moi-clara.jpg\",\"contentUrl\":\"http:\\\/\\\/derivesdansleglisecatholique.fr\\\/wp-content\\\/uploads\\\/2018\\\/05\\\/moi-clara.jpg\"},{\"@type\":\"BreadcrumbList\",\"@id\":\"https:\\\/\\\/WWW.derivesdansleglisecatholique.fr\\\/?p=5264#breadcrumb\",\"itemListElement\":[{\"@type\":\"ListItem\",\"position\":1,\"name\":\"Accueil\",\"item\":\"https:\\\/\\\/WWW.derivesdansleglisecatholique.fr\\\/\"},{\"@type\":\"ListItem\",\"position\":2,\"name\":\"Moi, Clara vir\u00e9e de l\u2019\u00c9glise\"}]},{\"@type\":\"WebSite\",\"@id\":\"https:\\\/\\\/WWW.derivesdansleglisecatholique.fr\\\/#website\",\"url\":\"https:\\\/\\\/WWW.derivesdansleglisecatholique.fr\\\/\",\"name\":\"D\u00e9rives dans l&#039;eglise catholique\",\"description\":\"Justice et V\u00e9rit\u00e9 pour les familles\",\"potentialAction\":[{\"@type\":\"SearchAction\",\"target\":{\"@type\":\"EntryPoint\",\"urlTemplate\":\"https:\\\/\\\/WWW.derivesdansleglisecatholique.fr\\\/?s={search_term_string}\"},\"query-input\":{\"@type\":\"PropertyValueSpecification\",\"valueRequired\":true,\"valueName\":\"search_term_string\"}}],\"inLanguage\":\"fr-FR\"},{\"@type\":\"Person\",\"@id\":\"https:\\\/\\\/WWW.derivesdansleglisecatholique.fr\\\/#\\\/schema\\\/person\\\/00e384b3d6f532a9ea54aafa9d4bde0e\",\"name\":\"ZWY\",\"image\":{\"@type\":\"ImageObject\",\"inLanguage\":\"fr-FR\",\"@id\":\"https:\\\/\\\/secure.gravatar.com\\\/avatar\\\/b006fa882f3bf76e29e0c251c50ab4f53802f3986c1177a964b472dcbe6fa985?s=96&r=g\",\"url\":\"https:\\\/\\\/secure.gravatar.com\\\/avatar\\\/b006fa882f3bf76e29e0c251c50ab4f53802f3986c1177a964b472dcbe6fa985?s=96&r=g\",\"contentUrl\":\"https:\\\/\\\/secure.gravatar.com\\\/avatar\\\/b006fa882f3bf76e29e0c251c50ab4f53802f3986c1177a964b472dcbe6fa985?s=96&r=g\",\"caption\":\"ZWY\"},\"url\":\"http:\\\/\\\/WWW.derivesdansleglisecatholique.fr\\\/?author=2\"}]}<\/script>\n<!-- \/ Yoast SEO plugin. -->","yoast_head_json":{"title":"Moi, Clara vir\u00e9e de l\u2019\u00c9glise - D\u00e9rives dans l&#039;eglise catholique","robots":{"index":"index","follow":"follow","max-snippet":"max-snippet:-1","max-image-preview":"max-image-preview:large","max-video-preview":"max-video-preview:-1"},"canonical":"https:\/\/WWW.derivesdansleglisecatholique.fr\/?p=5264","og_locale":"fr_FR","og_type":"article","og_title":"Moi, Clara vir\u00e9e de l\u2019\u00c9glise - D\u00e9rives dans l&#039;eglise catholique","og_description":"\u00ab\u00a0Moi, Clara vir\u00e9e de l\u2019\u00c9glise \u00bb Le titre de l\u2019article paru dans le Golias Hebdo de la\u00a0 semaine du 3 au 9 mai 2018. Nous ne le commenterons pas, il se suffit. C\u2019est avec l\u2019aimable autorisation de Golias que nous le publions.\u00a0\u00a0 \u00a0\u00a0 &nbsp;","og_url":"https:\/\/WWW.derivesdansleglisecatholique.fr\/?p=5264","og_site_name":"D\u00e9rives dans l&#039;eglise catholique","article_published_time":"2018-05-14T19:15:20+00:00","og_image":[{"url":"http:\/\/derivesdansleglisecatholique.fr\/wp-content\/uploads\/2018\/05\/moi-clara.jpg","type":"","width":"","height":""}],"author":"ZWY","twitter_misc":{"\u00c9crit par":"ZWY"},"schema":{"@context":"https:\/\/schema.org","@graph":[{"@type":"Article","@id":"https:\/\/WWW.derivesdansleglisecatholique.fr\/?p=5264#article","isPartOf":{"@id":"https:\/\/WWW.derivesdansleglisecatholique.fr\/?p=5264"},"author":{"name":"ZWY","@id":"https:\/\/WWW.derivesdansleglisecatholique.fr\/#\/schema\/person\/00e384b3d6f532a9ea54aafa9d4bde0e"},"headline":"Moi, Clara vir\u00e9e de l\u2019\u00c9glise","datePublished":"2018-05-14T19:15:20+00:00","mainEntityOfPage":{"@id":"https:\/\/WWW.derivesdansleglisecatholique.fr\/?p=5264"},"wordCount":51,"image":{"@id":"https:\/\/WWW.derivesdansleglisecatholique.fr\/?p=5264#primaryimage"},"thumbnailUrl":"http:\/\/derivesdansleglisecatholique.fr\/wp-content\/uploads\/2018\/05\/moi-clara.jpg","inLanguage":"fr-FR"},{"@type":"WebPage","@id":"https:\/\/WWW.derivesdansleglisecatholique.fr\/?p=5264","url":"https:\/\/WWW.derivesdansleglisecatholique.fr\/?p=5264","name":"Moi, Clara vir\u00e9e de l\u2019\u00c9glise - D\u00e9rives dans l&#039;eglise catholique","isPartOf":{"@id":"https:\/\/WWW.derivesdansleglisecatholique.fr\/#website"},"primaryImageOfPage":{"@id":"https:\/\/WWW.derivesdansleglisecatholique.fr\/?p=5264#primaryimage"},"image":{"@id":"https:\/\/WWW.derivesdansleglisecatholique.fr\/?p=5264#primaryimage"},"thumbnailUrl":"http:\/\/derivesdansleglisecatholique.fr\/wp-content\/uploads\/2018\/05\/moi-clara.jpg","datePublished":"2018-05-14T19:15:20+00:00","author":{"@id":"https:\/\/WWW.derivesdansleglisecatholique.fr\/#\/schema\/person\/00e384b3d6f532a9ea54aafa9d4bde0e"},"breadcrumb":{"@id":"https:\/\/WWW.derivesdansleglisecatholique.fr\/?p=5264#breadcrumb"},"inLanguage":"fr-FR","potentialAction":[{"@type":"ReadAction","target":["https:\/\/WWW.derivesdansleglisecatholique.fr\/?p=5264"]}]},{"@type":"ImageObject","inLanguage":"fr-FR","@id":"https:\/\/WWW.derivesdansleglisecatholique.fr\/?p=5264#primaryimage","url":"http:\/\/derivesdansleglisecatholique.fr\/wp-content\/uploads\/2018\/05\/moi-clara.jpg","contentUrl":"http:\/\/derivesdansleglisecatholique.fr\/wp-content\/uploads\/2018\/05\/moi-clara.jpg"},{"@type":"BreadcrumbList","@id":"https:\/\/WWW.derivesdansleglisecatholique.fr\/?p=5264#breadcrumb","itemListElement":[{"@type":"ListItem","position":1,"name":"Accueil","item":"https:\/\/WWW.derivesdansleglisecatholique.fr\/"},{"@type":"ListItem","position":2,"name":"Moi, Clara vir\u00e9e de l\u2019\u00c9glise"}]},{"@type":"WebSite","@id":"https:\/\/WWW.derivesdansleglisecatholique.fr\/#website","url":"https:\/\/WWW.derivesdansleglisecatholique.fr\/","name":"D\u00e9rives dans l&#039;eglise catholique","description":"Justice et V\u00e9rit\u00e9 pour les familles","potentialAction":[{"@type":"SearchAction","target":{"@type":"EntryPoint","urlTemplate":"https:\/\/WWW.derivesdansleglisecatholique.fr\/?s={search_term_string}"},"query-input":{"@type":"PropertyValueSpecification","valueRequired":true,"valueName":"search_term_string"}}],"inLanguage":"fr-FR"},{"@type":"Person","@id":"https:\/\/WWW.derivesdansleglisecatholique.fr\/#\/schema\/person\/00e384b3d6f532a9ea54aafa9d4bde0e","name":"ZWY","image":{"@type":"ImageObject","inLanguage":"fr-FR","@id":"https:\/\/secure.gravatar.com\/avatar\/b006fa882f3bf76e29e0c251c50ab4f53802f3986c1177a964b472dcbe6fa985?s=96&r=g","url":"https:\/\/secure.gravatar.com\/avatar\/b006fa882f3bf76e29e0c251c50ab4f53802f3986c1177a964b472dcbe6fa985?s=96&r=g","contentUrl":"https:\/\/secure.gravatar.com\/avatar\/b006fa882f3bf76e29e0c251c50ab4f53802f3986c1177a964b472dcbe6fa985?s=96&r=g","caption":"ZWY"},"url":"http:\/\/WWW.derivesdansleglisecatholique.fr\/?author=2"}]}},"_links":{"self":[{"href":"http:\/\/WWW.derivesdansleglisecatholique.fr\/index.php?rest_route=\/wp\/v2\/posts\/5264","targetHints":{"allow":["GET"]}}],"collection":[{"href":"http:\/\/WWW.derivesdansleglisecatholique.fr\/index.php?rest_route=\/wp\/v2\/posts"}],"about":[{"href":"http:\/\/WWW.derivesdansleglisecatholique.fr\/index.php?rest_route=\/wp\/v2\/types\/post"}],"author":[{"embeddable":true,"href":"http:\/\/WWW.derivesdansleglisecatholique.fr\/index.php?rest_route=\/wp\/v2\/users\/2"}],"replies":[{"embeddable":true,"href":"http:\/\/WWW.derivesdansleglisecatholique.fr\/index.php?rest_route=%2Fwp%2Fv2%2Fcomments&post=5264"}],"version-history":[{"count":1,"href":"http:\/\/WWW.derivesdansleglisecatholique.fr\/index.php?rest_route=\/wp\/v2\/posts\/5264\/revisions"}],"predecessor-version":[{"id":5265,"href":"http:\/\/WWW.derivesdansleglisecatholique.fr\/index.php?rest_route=\/wp\/v2\/posts\/5264\/revisions\/5265"}],"wp:attachment":[{"href":"http:\/\/WWW.derivesdansleglisecatholique.fr\/index.php?rest_route=%2Fwp%2Fv2%2Fmedia&parent=5264"}],"wp:term":[{"taxonomy":"category","embeddable":true,"href":"http:\/\/WWW.derivesdansleglisecatholique.fr\/index.php?rest_route=%2Fwp%2Fv2%2Fcategories&post=5264"},{"taxonomy":"post_tag","embeddable":true,"href":"http:\/\/WWW.derivesdansleglisecatholique.fr\/index.php?rest_route=%2Fwp%2Fv2%2Ftags&post=5264"}],"curies":[{"name":"wp","href":"https:\/\/api.w.org\/{rel}","templated":true}]}}