{"id":5269,"date":"2018-05-30T15:15:25","date_gmt":"2018-05-30T14:15:25","guid":{"rendered":"http:\/\/WWW.derivesdansleglisecatholique.fr\/?p=5269"},"modified":"2018-05-30T15:19:45","modified_gmt":"2018-05-30T14:19:45","slug":"est-il-normal","status":"publish","type":"post","link":"http:\/\/WWW.derivesdansleglisecatholique.fr\/?p=5269","title":{"rendered":"Est-il normal ?&#8230;"},"content":{"rendered":"<p>&nbsp;<\/p>\n<p>&nbsp;<\/p>\n<p style=\"padding-left: 30px;\"><span style=\"font-family: times new roman, times, serif; font-size: 12pt;\">Les nouvelles communaut\u00e9s regroupent plusieurs \u00e9tats de vie \u2013 c&rsquo;est-\u00e0-dire des \u00ab\u00a0religieux\u00a0\u00bb ou pr\u00e9sent\u00e9s tels et en habit, des couples avec ou sans enfants et des la\u00efcs consacr\u00e9s ou pas\u2026Ces communaut\u00e9s se pr\u00e9tendent religieuses ce qui est une imposture puisque dans\u00a0 la grande majorit\u00e9, elles ne sont que des associations de la\u00efcs.<\/span><\/p>\n<p style=\"padding-left: 30px;\"><span style=\"font-family: times new roman, times, serif; font-size: 12pt;\">Tout ce beau monde suit une r\u00e8gle rigoureuse de travail et de pri\u00e8re, qui se pr\u00e9sente monastique, \u00a0sous v\u0153u de pauvret\u00e9 et d\u2019ob\u00e9issance \u00e0 un \u00ab\u00a0berger\u00a0\u00bb. Sous caution de l\u2019\u00e9v\u00eaque du lieu.<\/span><\/p>\n<p>&nbsp;<\/p>\n<p style=\"padding-left: 30px;\"><span style=\"font-family: times new roman, times, serif; font-size: 12pt;\">Plusieurs questions se posent et pas des moindres\u00a0:<\/span><\/p>\n<p style=\"padding-left: 30px;\"><span style=\"font-size: 14pt;\"><strong><span style=\"font-family: times new roman, times, serif; color: #0000ff;\">I \u2013 La famille parentale<\/span><\/strong><\/span><\/p>\n<p style=\"padding-left: 30px;\"><span style=\"font-family: times new roman, times, serif; font-size: 12pt;\">Une famille par d\u00e9finition est d\u00e9j\u00e0 une communaut\u00e9. Le p\u00e8re et la m\u00e8re sont par leur autorit\u00e9 parentale, responsables de leurs enfants.<\/span><\/p>\n<p style=\"padding-left: 30px;\"><span style=\"font-family: times new roman, times, serif; font-size: 12pt;\">Que devient cette autorit\u00e9 parentale puisqu\u2019ils sont tous deux soumis \u00e0 un v\u0153u d\u2019ob\u00e9issance et de pauvret\u00e9\u00a0 abusifs dans une association de la\u00efcs\u00a0? Le \u00ab\u00a0berger\u00a0\u00bb a-t-il regard sur leur vie de couple\u00a0? Peut-il intervenir\u00a0? Cette vie de couple quelle est-elle dans une vie communautaire\u00a0impos\u00e9e ?<\/span><\/p>\n<p style=\"padding-left: 30px;\"><span style=\"font-family: times new roman, times, serif; font-size: 12pt;\">Comment peuvent-ils d\u00e9cider pour le bien de leur enfant alors qu\u2019ils doivent tout soumettre \u00e0 un berger et qu\u2019ils n\u2019ont aucune autonomie financi\u00e8re\u00a0? Ils travaillent \u00e0 la communaut\u00e9 et \u00e0 son seul profit puisqu\u2019ils ne re\u00e7oivent pas de salaire<\/span><\/p>\n<p style=\"padding-left: 30px;\"><span style=\"font-family: times new roman, times, serif; font-size: 12pt;\">Qui d\u00e9cide pour l\u2019enfant\u00a0? Les parents ou le \u00ab\u00a0berger\u00a0\u00bb\u00a0? De l\u2019organisation de sa vie\u00a0? De ses besoins\u00a0? Puisque les parents \u00a0sont aussi soumis \u00e0 un v\u0153u abusif de pauvret\u00e9, qui paye lorsqu\u2019il faut acheter de quoi pourvoir aux besoins des enfants (v\u00eatements, chaussures, livres, etc.)\u00a0? Les parents suivent une vie de pri\u00e8re monacale, qui s\u2019occupe des enfants \u00e0 l\u2019heure des offices\u00a0? Des nourrissons\u00a0? Des garderies\u00a0?<\/span><\/p>\n<p style=\"padding-left: 30px;\"><span style=\"font-family: times new roman, times, serif; font-size: 12pt;\">Plus tard, qui d\u00e9cidera de sa scolarisation et o\u00f9\u00a0? De ses \u00e9tudes\u00a0? De son avenir\u00a0? Qui payera\u00a0?<\/span><\/p>\n<p>&nbsp;<\/p>\n<p style=\"padding-left: 30px;\"><strong><span style=\"font-family: times new roman, times, serif; color: #0000ff; font-size: 14pt;\">II \u2013 L\u2019enfant<\/span><\/strong><\/p>\n<p style=\"padding-left: 30px;\"><span style=\"font-family: times new roman, times, serif; font-size: 12pt;\">Est-il normal qu\u2019un enfant grandisse dans une communaut\u00e9 religieuse ou ses parents n\u2019ont pas de pouvoir de d\u00e9cision, pas d\u2019argent\u00a0? De facto, o\u00f9 lui aussi est engag\u00e9\u00a0? Quelle intimit\u00e9 peut avoir un jeune dans un lieu o\u00f9 ses parents, m\u00eame s\u2019ils ont un appartement qui leur est d\u00e9volu, sont, \u00e0 tout instant, disponibles pour la vie communautaire qui de facto est impos\u00e9e \u00e0 l\u2019enfant.<\/span><\/p>\n<p style=\"padding-left: 30px;\"><span style=\"font-family: times new roman, times, serif; font-size: 12pt;\">Quelle vie relationnelle a-t-il avec d\u2019autres enfants de son \u00e2ge\u00a0?<\/span><\/p>\n<p style=\"padding-left: 30px;\"><span style=\"font-family: times new roman, times, serif; font-size: 12pt;\">Comment cet enfant peut-il \u00eatre per\u00e7u par les autres enfants de sa classe\u00a0?<\/span><\/p>\n<p style=\"padding-left: 30px;\"><span style=\"font-family: times new roman, times, serif; font-size: 12pt;\">Quel regard porte un enfant sur ses parents soumis \u00e0 l\u2019autorit\u00e9 d\u2019un \u00ab\u00a0berger\u00a0\u00bb\u00a0? Quelle image a-t-il sous les yeux, chaque jour, pour pouvoir\u00a0 construire sa personnalit\u00e9\u00a0et acqu\u00e9rir une vraie autonomie ?<\/span><\/p>\n<p style=\"padding-left: 30px;\"><span style=\"font-family: times new roman, times, serif; font-size: 12pt;\">Quelle libert\u00e9 de choix est la sienne dans une communaut\u00e9 o\u00f9 tous les actes du quotidien ont un sens religieux\u00a0? Une communaut\u00e9 qui n\u2019est pas engag\u00e9e dans la soci\u00e9t\u00e9, qui vit enferm\u00e9e sur le groupe, quel impact cela a-t-il sur sa vie sociale\u00a0? Plus tard sur sa vie amoureuse, sa vie familiale\u00a0?<\/span><\/p>\n<p>&nbsp;<\/p>\n<p style=\"padding-left: 30px;\"><span style=\"font-size: 14pt;\"><strong><span style=\"font-family: times new roman, times, serif; color: #0000ff;\">III \u2013 Les grands-parents, la fratrie, les membres de la famille, les amis \u2026<\/span><\/strong><\/span><\/p>\n<p style=\"padding-left: 30px;\"><span style=\"font-family: times new roman, times, serif; font-size: 12pt;\">Les parents sous emprise du berger, par le v\u0153u d\u2019ob\u00e9issance abusif, sont-ils libres des relations familiales comme de leurs relations amicales ou autres, sans avoir \u00e0 en r\u00e9f\u00e9rer au \u00ab\u00a0berger\u00a0\u00bb\u00a0? Ils n\u2019exercent aucun m\u00e9tier \u00e0 l\u2019ext\u00e9rieur, ils travaillent au seul profit de la communaut\u00e9. Qui payera leur retraite plus tard\u00a0? Quelle libert\u00e9 ont-ils s\u2019ils veulent quitter la communaut\u00e9, sans argent et sans exp\u00e9rience professionnelle\u00a0?\u00a0 Et en charge de famille\u00a0?<\/span><\/p>\n<p style=\"padding-left: 30px;\"><span style=\"font-family: times new roman, times, serif; font-size: 12pt;\">Comment inclut-on les grands-parents et les membres de la famille dans un lieu communautaire vou\u00e9 \u00e0 la pri\u00e8re\u00a0? Comment peut se retrouver une famille dans ce cadre tr\u00e8s format\u00e9 et rigide\u00a0? Quelle libert\u00e9 ont les parents communautaires et leurs enfants, d\u2019assister aux f\u00eates familiales\u00a0des membres de leur famille\u00a0: bapt\u00eame, mariage, r\u00e9union familiales, etc.\u00a0? Qu\u2019est ce qui est prioritaire\u00a0: la vie familiale ou la communaut\u00e9\u00a0? Lorsqu\u2019ils h\u00e9riteront des grands parents, o\u00f9 ira l\u2019h\u00e9ritage puisqu\u2019ils sont soumis au v\u0153u abusif de pauvret\u00e9\u00a0?<\/span><\/p>\n<p style=\"padding-left: 30px;\"><span style=\"font-family: times new roman, times, serif; font-size: 12pt;\">On voit malheureusement que la plupart du temps, les liens familiaux sont distendus voire rompus\u2026 Selon les t\u00e9moignages d\u2019ex-communautaires, la coupure avec la famille se fait peu \u00e0 peu puisque d\u00e9sormais, c\u2019est la communaut\u00e9 qui la remplace. Une communaut\u00e9 qui phagocyte les parents mais aussi l\u2019enfant coup\u00e9 de son histoire familiale, de ses racines\u2026 Son seul rep\u00e8re sera la communaut\u00e9 dont il est un pion et ses parents les objets. L\u2019enfant comme ses parents, sera format\u00e9.<\/span><\/p>\n<p style=\"padding-left: 30px;\"><span style=\"font-family: times new roman, times, serif; font-size: 12pt;\">Ce v\u00e9cu \u00ab\u00a0monacal\u00a0\u00bb r\u00e9git par la loi de la communaut\u00e9, coup\u00e9 des liens sociaux normaux pour une famille (engagements, vie amicale, libert\u00e9 de choisir le programme de sa journ\u00e9e avec les enfants, d\u00e9cider de leur vacances, etc.) n\u2019est-ce pas du communautarisme\u00a0?<\/span><\/p>\n<p>&nbsp;<\/p>\n","protected":false},"excerpt":{"rendered":"<p>&nbsp; &nbsp; Les nouvelles communaut\u00e9s regroupent plusieurs \u00e9tats de vie \u2013 c&rsquo;est-\u00e0-dire des \u00ab\u00a0religieux\u00a0\u00bb ou pr\u00e9sent\u00e9s tels et en habit, des couples avec ou sans enfants et des la\u00efcs consacr\u00e9s ou pas\u2026Ces communaut\u00e9s se pr\u00e9tendent religieuses ce qui est une imposture puisque dans\u00a0 la grande majorit\u00e9, elles ne sont que des associations de la\u00efcs. Tout <span class=\"ellipsis\">&hellip;<\/span> <span class=\"more-link-wrap\"><a href=\"http:\/\/WWW.derivesdansleglisecatholique.fr\/?p=5269\" class=\"more-link\"><span>Read More &rarr;<\/span><\/a><\/span><\/p>\n","protected":false},"author":3,"featured_media":0,"comment_status":"closed","ping_status":"closed","sticky":false,"template":"","format":"standard","meta":{"footnotes":""},"categories":[1],"tags":[],"class_list":["post-5269","post","type-post","status-publish","format-standard","hentry","category-non-classe"],"yoast_head":"<!-- This site is optimized with the Yoast SEO plugin v27.4 - https:\/\/yoast.com\/product\/yoast-seo-wordpress\/ -->\n<title>Est-il normal ?... - D\u00e9rives dans l&#039;eglise catholique<\/title>\n<meta name=\"robots\" content=\"index, follow, max-snippet:-1, max-image-preview:large, max-video-preview:-1\" \/>\n<link rel=\"canonical\" href=\"https:\/\/WWW.derivesdansleglisecatholique.fr\/?p=5269\" \/>\n<meta property=\"og:locale\" content=\"fr_FR\" \/>\n<meta property=\"og:type\" content=\"article\" \/>\n<meta property=\"og:title\" content=\"Est-il normal ?... - D\u00e9rives dans l&#039;eglise catholique\" \/>\n<meta property=\"og:description\" content=\"&nbsp; &nbsp; Les nouvelles communaut\u00e9s regroupent plusieurs \u00e9tats de vie \u2013 c&rsquo;est-\u00e0-dire des \u00ab\u00a0religieux\u00a0\u00bb ou pr\u00e9sent\u00e9s tels et en habit, des couples avec ou sans enfants et des la\u00efcs consacr\u00e9s ou pas\u2026Ces communaut\u00e9s se pr\u00e9tendent religieuses ce qui est une imposture puisque dans\u00a0 la grande majorit\u00e9, elles ne sont que des associations de la\u00efcs. Tout &hellip; Read More &rarr;\" \/>\n<meta property=\"og:url\" content=\"https:\/\/WWW.derivesdansleglisecatholique.fr\/?p=5269\" \/>\n<meta property=\"og:site_name\" content=\"D\u00e9rives dans l&#039;eglise catholique\" \/>\n<meta property=\"article:published_time\" content=\"2018-05-30T14:15:25+00:00\" \/>\n<meta property=\"article:modified_time\" content=\"2018-05-30T14:19:45+00:00\" \/>\n<meta name=\"author\" content=\"WYZ\" \/>\n<meta name=\"twitter:label1\" content=\"\u00c9crit par\" \/>\n\t<meta name=\"twitter:data1\" content=\"WYZ\" \/>\n\t<meta name=\"twitter:label2\" content=\"Dur\u00e9e de lecture estim\u00e9e\" \/>\n\t<meta name=\"twitter:data2\" content=\"4 minutes\" \/>\n<script type=\"application\/ld+json\" class=\"yoast-schema-graph\">{\"@context\":\"https:\\\/\\\/schema.org\",\"@graph\":[{\"@type\":\"Article\",\"@id\":\"https:\\\/\\\/WWW.derivesdansleglisecatholique.fr\\\/?p=5269#article\",\"isPartOf\":{\"@id\":\"https:\\\/\\\/WWW.derivesdansleglisecatholique.fr\\\/?p=5269\"},\"author\":{\"name\":\"WYZ\",\"@id\":\"https:\\\/\\\/WWW.derivesdansleglisecatholique.fr\\\/#\\\/schema\\\/person\\\/ffb02afe1a91585220a46c7ee86ebb52\"},\"headline\":\"Est-il normal ?&#8230;\",\"datePublished\":\"2018-05-30T14:15:25+00:00\",\"dateModified\":\"2018-05-30T14:19:45+00:00\",\"mainEntityOfPage\":{\"@id\":\"https:\\\/\\\/WWW.derivesdansleglisecatholique.fr\\\/?p=5269\"},\"wordCount\":828,\"inLanguage\":\"fr-FR\"},{\"@type\":\"WebPage\",\"@id\":\"https:\\\/\\\/WWW.derivesdansleglisecatholique.fr\\\/?p=5269\",\"url\":\"https:\\\/\\\/WWW.derivesdansleglisecatholique.fr\\\/?p=5269\",\"name\":\"Est-il normal ?... - D\u00e9rives dans l&#039;eglise catholique\",\"isPartOf\":{\"@id\":\"https:\\\/\\\/WWW.derivesdansleglisecatholique.fr\\\/#website\"},\"datePublished\":\"2018-05-30T14:15:25+00:00\",\"dateModified\":\"2018-05-30T14:19:45+00:00\",\"author\":{\"@id\":\"https:\\\/\\\/WWW.derivesdansleglisecatholique.fr\\\/#\\\/schema\\\/person\\\/ffb02afe1a91585220a46c7ee86ebb52\"},\"breadcrumb\":{\"@id\":\"https:\\\/\\\/WWW.derivesdansleglisecatholique.fr\\\/?p=5269#breadcrumb\"},\"inLanguage\":\"fr-FR\",\"potentialAction\":[{\"@type\":\"ReadAction\",\"target\":[\"https:\\\/\\\/WWW.derivesdansleglisecatholique.fr\\\/?p=5269\"]}]},{\"@type\":\"BreadcrumbList\",\"@id\":\"https:\\\/\\\/WWW.derivesdansleglisecatholique.fr\\\/?p=5269#breadcrumb\",\"itemListElement\":[{\"@type\":\"ListItem\",\"position\":1,\"name\":\"Accueil\",\"item\":\"https:\\\/\\\/WWW.derivesdansleglisecatholique.fr\\\/\"},{\"@type\":\"ListItem\",\"position\":2,\"name\":\"Est-il normal ?&#8230;\"}]},{\"@type\":\"WebSite\",\"@id\":\"https:\\\/\\\/WWW.derivesdansleglisecatholique.fr\\\/#website\",\"url\":\"https:\\\/\\\/WWW.derivesdansleglisecatholique.fr\\\/\",\"name\":\"D\u00e9rives dans l&#039;eglise catholique\",\"description\":\"Justice et V\u00e9rit\u00e9 pour les familles\",\"potentialAction\":[{\"@type\":\"SearchAction\",\"target\":{\"@type\":\"EntryPoint\",\"urlTemplate\":\"https:\\\/\\\/WWW.derivesdansleglisecatholique.fr\\\/?s={search_term_string}\"},\"query-input\":{\"@type\":\"PropertyValueSpecification\",\"valueRequired\":true,\"valueName\":\"search_term_string\"}}],\"inLanguage\":\"fr-FR\"},{\"@type\":\"Person\",\"@id\":\"https:\\\/\\\/WWW.derivesdansleglisecatholique.fr\\\/#\\\/schema\\\/person\\\/ffb02afe1a91585220a46c7ee86ebb52\",\"name\":\"WYZ\",\"image\":{\"@type\":\"ImageObject\",\"inLanguage\":\"fr-FR\",\"@id\":\"https:\\\/\\\/secure.gravatar.com\\\/avatar\\\/a89d00b3ba7470cc3ee7cd3383b662f0ffff221bd43470000a0b0e1c236977ff?s=96&r=g\",\"url\":\"https:\\\/\\\/secure.gravatar.com\\\/avatar\\\/a89d00b3ba7470cc3ee7cd3383b662f0ffff221bd43470000a0b0e1c236977ff?s=96&r=g\",\"contentUrl\":\"https:\\\/\\\/secure.gravatar.com\\\/avatar\\\/a89d00b3ba7470cc3ee7cd3383b662f0ffff221bd43470000a0b0e1c236977ff?s=96&r=g\",\"caption\":\"WYZ\"},\"url\":\"http:\\\/\\\/WWW.derivesdansleglisecatholique.fr\\\/?author=3\"}]}<\/script>\n<!-- \/ Yoast SEO plugin. -->","yoast_head_json":{"title":"Est-il normal ?... - D\u00e9rives dans l&#039;eglise catholique","robots":{"index":"index","follow":"follow","max-snippet":"max-snippet:-1","max-image-preview":"max-image-preview:large","max-video-preview":"max-video-preview:-1"},"canonical":"https:\/\/WWW.derivesdansleglisecatholique.fr\/?p=5269","og_locale":"fr_FR","og_type":"article","og_title":"Est-il normal ?... - D\u00e9rives dans l&#039;eglise catholique","og_description":"&nbsp; &nbsp; Les nouvelles communaut\u00e9s regroupent plusieurs \u00e9tats de vie \u2013 c&rsquo;est-\u00e0-dire des \u00ab\u00a0religieux\u00a0\u00bb ou pr\u00e9sent\u00e9s tels et en habit, des couples avec ou sans enfants et des la\u00efcs consacr\u00e9s ou pas\u2026Ces communaut\u00e9s se pr\u00e9tendent religieuses ce qui est une imposture puisque dans\u00a0 la grande majorit\u00e9, elles ne sont que des associations de la\u00efcs. Tout &hellip; Read More &rarr;","og_url":"https:\/\/WWW.derivesdansleglisecatholique.fr\/?p=5269","og_site_name":"D\u00e9rives dans l&#039;eglise catholique","article_published_time":"2018-05-30T14:15:25+00:00","article_modified_time":"2018-05-30T14:19:45+00:00","author":"WYZ","twitter_misc":{"\u00c9crit par":"WYZ","Dur\u00e9e de lecture estim\u00e9e":"4 minutes"},"schema":{"@context":"https:\/\/schema.org","@graph":[{"@type":"Article","@id":"https:\/\/WWW.derivesdansleglisecatholique.fr\/?p=5269#article","isPartOf":{"@id":"https:\/\/WWW.derivesdansleglisecatholique.fr\/?p=5269"},"author":{"name":"WYZ","@id":"https:\/\/WWW.derivesdansleglisecatholique.fr\/#\/schema\/person\/ffb02afe1a91585220a46c7ee86ebb52"},"headline":"Est-il normal ?&#8230;","datePublished":"2018-05-30T14:15:25+00:00","dateModified":"2018-05-30T14:19:45+00:00","mainEntityOfPage":{"@id":"https:\/\/WWW.derivesdansleglisecatholique.fr\/?p=5269"},"wordCount":828,"inLanguage":"fr-FR"},{"@type":"WebPage","@id":"https:\/\/WWW.derivesdansleglisecatholique.fr\/?p=5269","url":"https:\/\/WWW.derivesdansleglisecatholique.fr\/?p=5269","name":"Est-il normal ?... - D\u00e9rives dans l&#039;eglise catholique","isPartOf":{"@id":"https:\/\/WWW.derivesdansleglisecatholique.fr\/#website"},"datePublished":"2018-05-30T14:15:25+00:00","dateModified":"2018-05-30T14:19:45+00:00","author":{"@id":"https:\/\/WWW.derivesdansleglisecatholique.fr\/#\/schema\/person\/ffb02afe1a91585220a46c7ee86ebb52"},"breadcrumb":{"@id":"https:\/\/WWW.derivesdansleglisecatholique.fr\/?p=5269#breadcrumb"},"inLanguage":"fr-FR","potentialAction":[{"@type":"ReadAction","target":["https:\/\/WWW.derivesdansleglisecatholique.fr\/?p=5269"]}]},{"@type":"BreadcrumbList","@id":"https:\/\/WWW.derivesdansleglisecatholique.fr\/?p=5269#breadcrumb","itemListElement":[{"@type":"ListItem","position":1,"name":"Accueil","item":"https:\/\/WWW.derivesdansleglisecatholique.fr\/"},{"@type":"ListItem","position":2,"name":"Est-il normal ?&#8230;"}]},{"@type":"WebSite","@id":"https:\/\/WWW.derivesdansleglisecatholique.fr\/#website","url":"https:\/\/WWW.derivesdansleglisecatholique.fr\/","name":"D\u00e9rives dans l&#039;eglise catholique","description":"Justice et V\u00e9rit\u00e9 pour les familles","potentialAction":[{"@type":"SearchAction","target":{"@type":"EntryPoint","urlTemplate":"https:\/\/WWW.derivesdansleglisecatholique.fr\/?s={search_term_string}"},"query-input":{"@type":"PropertyValueSpecification","valueRequired":true,"valueName":"search_term_string"}}],"inLanguage":"fr-FR"},{"@type":"Person","@id":"https:\/\/WWW.derivesdansleglisecatholique.fr\/#\/schema\/person\/ffb02afe1a91585220a46c7ee86ebb52","name":"WYZ","image":{"@type":"ImageObject","inLanguage":"fr-FR","@id":"https:\/\/secure.gravatar.com\/avatar\/a89d00b3ba7470cc3ee7cd3383b662f0ffff221bd43470000a0b0e1c236977ff?s=96&r=g","url":"https:\/\/secure.gravatar.com\/avatar\/a89d00b3ba7470cc3ee7cd3383b662f0ffff221bd43470000a0b0e1c236977ff?s=96&r=g","contentUrl":"https:\/\/secure.gravatar.com\/avatar\/a89d00b3ba7470cc3ee7cd3383b662f0ffff221bd43470000a0b0e1c236977ff?s=96&r=g","caption":"WYZ"},"url":"http:\/\/WWW.derivesdansleglisecatholique.fr\/?author=3"}]}},"_links":{"self":[{"href":"http:\/\/WWW.derivesdansleglisecatholique.fr\/index.php?rest_route=\/wp\/v2\/posts\/5269","targetHints":{"allow":["GET"]}}],"collection":[{"href":"http:\/\/WWW.derivesdansleglisecatholique.fr\/index.php?rest_route=\/wp\/v2\/posts"}],"about":[{"href":"http:\/\/WWW.derivesdansleglisecatholique.fr\/index.php?rest_route=\/wp\/v2\/types\/post"}],"author":[{"embeddable":true,"href":"http:\/\/WWW.derivesdansleglisecatholique.fr\/index.php?rest_route=\/wp\/v2\/users\/3"}],"replies":[{"embeddable":true,"href":"http:\/\/WWW.derivesdansleglisecatholique.fr\/index.php?rest_route=%2Fwp%2Fv2%2Fcomments&post=5269"}],"version-history":[{"count":4,"href":"http:\/\/WWW.derivesdansleglisecatholique.fr\/index.php?rest_route=\/wp\/v2\/posts\/5269\/revisions"}],"predecessor-version":[{"id":5274,"href":"http:\/\/WWW.derivesdansleglisecatholique.fr\/index.php?rest_route=\/wp\/v2\/posts\/5269\/revisions\/5274"}],"wp:attachment":[{"href":"http:\/\/WWW.derivesdansleglisecatholique.fr\/index.php?rest_route=%2Fwp%2Fv2%2Fmedia&parent=5269"}],"wp:term":[{"taxonomy":"category","embeddable":true,"href":"http:\/\/WWW.derivesdansleglisecatholique.fr\/index.php?rest_route=%2Fwp%2Fv2%2Fcategories&post=5269"},{"taxonomy":"post_tag","embeddable":true,"href":"http:\/\/WWW.derivesdansleglisecatholique.fr\/index.php?rest_route=%2Fwp%2Fv2%2Ftags&post=5269"}],"curies":[{"name":"wp","href":"https:\/\/api.w.org\/{rel}","templated":true}]}}