{"id":6321,"date":"2018-11-24T22:14:32","date_gmt":"2018-11-24T21:14:32","guid":{"rendered":"http:\/\/WWW.derivesdansleglisecatholique.fr\/?p=6321"},"modified":"2018-11-24T22:15:33","modified_gmt":"2018-11-24T21:15:33","slug":"le-risque-de-la-liberte","status":"publish","type":"post","link":"http:\/\/WWW.derivesdansleglisecatholique.fr\/?p=6321","title":{"rendered":"\u00ab Le risque de la libert\u00e9 \u00bb"},"content":{"rendered":"<p>&nbsp;<\/p>\n<p>&nbsp;<\/p>\n<p style=\"padding-left: 30px;\"><span style=\"font-family: times new roman, times, serif; font-size: 12pt;\">Nous vous donnons\u00a0 deux\u00a0 extraits\u00a0 d\u2019un\u00a0 texte\u00a0 du\u00a0 pape\u00a0 Fran\u00e7ois,<\/span><\/p>\n<p style=\"padding-left: 30px;\"><span style=\"font-family: times new roman, times, serif; font-size: 12pt;\">du 22 novembre 2018\u00a0 paru sur le site :<\/span><\/p>\n<p>&nbsp;<\/p>\n<p style=\"padding-left: 30px;\"><span style=\"font-family: times new roman, times, serif; font-size: 12pt;\"><a href=\"https:\/\/fr.zenit.org\/articles\/doctrine-sociale-de-leglise-le-pape-plaide-pour-le-risque-de-la-liberte\/\"><span style=\"font-size: 10pt;\">https:\/\/fr.zenit.org\/articles\/doctrine-sociale-de-leglise-le-pape-plaide-pour-le-risque-de-la-liberte\/<\/span><\/a><\/span><\/p>\n<p>&nbsp;<\/p>\n<p style=\"padding-left: 30px;\"><span style=\"font-family: times new roman, times, serif; font-size: 12pt;\">Doctrine sociale de l\u2019\u00c9glise : le pape plaide pour \u00ab\u00a0le risque de la libert\u00e9\u00a0\u00bb<\/span><\/p>\n<p>&nbsp;<\/p>\n<p style=\"padding-left: 30px;\"><span style=\"font-family: times new roman, times, serif; font-size: 12pt;\"><em>\u00ab\u00a0(\u2026) <\/em><em>Tous ensembles, nous devons nous engager pour \u00e9liminer ce qui prive les hommes et les femmes du tr\u00e9sor de la libert\u00e9 et en m\u00eame temps retrouver le go\u00fbt de cette libert\u00e9 qui sait prot\u00e9ger la maison commune que Dieu nous a donn\u00e9e.\u00a0\u00bb<\/em><\/span><\/p>\n<p>&nbsp;<\/p>\n<p style=\"padding-left: 30px;\"><span style=\"font-family: times new roman, times, serif; font-size: 12pt;\">Pourquoi dans cette \u00ab\u00a0maison commune\u00a0\u00bbl\u2019\u00c9glise, le pape Fran\u00e7ois soutient-il\u00a0 et encourage-t-il\u00a0 des groupes charismatiques d\u00e9viants aux pratiques liberticides\u00a0qui d\u00e9truisent des jeunes et des familles ?<\/span><\/p>\n<p>&nbsp;<\/p>\n<p style=\"padding-left: 30px;\"><span style=\"font-family: times new roman, times, serif; font-size: 12pt;\"><em>\u00ab\u00a0<\/em><em>Tr\u00e8s chers amis, je vous souhaite d\u2019\u00eatre des personnes libres et de ne pas avoir peur de vous d\u00e9penser et de vous salir les mains pour r\u00e9aliser le bien et aider celui qui a besoin.\u00a0\u00bb<\/em><\/span><\/p>\n<p>&nbsp;<\/p>\n<p style=\"padding-left: 30px;\"><span style=\"font-family: times new roman, times, serif; font-size: 12pt;\">Nous remercions notre pape de ces paroles encourageantes pour les parents catholiques que nous sommes, paroles que nous appliquons depuis longtemps. En effet, nous menons un combat sans peur malgr\u00e9 toutes les pressions subies, pour que cette libert\u00e9 fondamentale que nous avons donn\u00e9e \u00e0 nos enfants et que des gourous charismatiques leur ont prise, leur soit rendue. Un combat que nous m\u00e8nerons jusqu\u2019au bout malgr\u00e9 le d\u00e9ni de l\u2019\u00c9glise.<\/span><\/p>\n<p>&nbsp;<\/p>\n","protected":false},"excerpt":{"rendered":"<p>&nbsp; &nbsp; Nous vous donnons\u00a0 deux\u00a0 extraits\u00a0 d\u2019un\u00a0 texte\u00a0 du\u00a0 pape\u00a0 Fran\u00e7ois, du 22 novembre 2018\u00a0 paru sur le site : &nbsp; https:\/\/fr.zenit.org\/articles\/doctrine-sociale-de-leglise-le-pape-plaide-pour-le-risque-de-la-liberte\/ &nbsp; Doctrine sociale de l\u2019\u00c9glise : le pape plaide pour \u00ab\u00a0le risque de la libert\u00e9\u00a0\u00bb &nbsp; \u00ab\u00a0(\u2026) Tous ensembles, nous devons nous engager pour \u00e9liminer ce qui prive les hommes et les <span class=\"ellipsis\">&hellip;<\/span> <span class=\"more-link-wrap\"><a href=\"http:\/\/WWW.derivesdansleglisecatholique.fr\/?p=6321\" class=\"more-link\"><span>Read More &rarr;<\/span><\/a><\/span><\/p>\n","protected":false},"author":2,"featured_media":0,"comment_status":"closed","ping_status":"closed","sticky":false,"template":"","format":"standard","meta":{"footnotes":""},"categories":[1],"tags":[],"class_list":["post-6321","post","type-post","status-publish","format-standard","hentry","category-non-classe"],"yoast_head":"<!-- This site is optimized with the Yoast SEO plugin v27.4 - https:\/\/yoast.com\/product\/yoast-seo-wordpress\/ -->\n<title>\u00ab Le risque de la libert\u00e9 \u00bb - D\u00e9rives dans l&#039;eglise catholique<\/title>\n<meta name=\"robots\" content=\"index, follow, max-snippet:-1, max-image-preview:large, max-video-preview:-1\" \/>\n<link rel=\"canonical\" href=\"http:\/\/WWW.derivesdansleglisecatholique.fr\/?p=6321\" \/>\n<meta property=\"og:locale\" content=\"fr_FR\" \/>\n<meta property=\"og:type\" content=\"article\" \/>\n<meta property=\"og:title\" content=\"\u00ab Le risque de la libert\u00e9 \u00bb - D\u00e9rives dans l&#039;eglise catholique\" \/>\n<meta property=\"og:description\" content=\"&nbsp; &nbsp; Nous vous donnons\u00a0 deux\u00a0 extraits\u00a0 d\u2019un\u00a0 texte\u00a0 du\u00a0 pape\u00a0 Fran\u00e7ois, du 22 novembre 2018\u00a0 paru sur le site : &nbsp; https:\/\/fr.zenit.org\/articles\/doctrine-sociale-de-leglise-le-pape-plaide-pour-le-risque-de-la-liberte\/ &nbsp; Doctrine sociale de l\u2019\u00c9glise : le pape plaide pour \u00ab\u00a0le risque de la libert\u00e9\u00a0\u00bb &nbsp; \u00ab\u00a0(\u2026) Tous ensembles, nous devons nous engager pour \u00e9liminer ce qui prive les hommes et les &hellip; Read More &rarr;\" \/>\n<meta property=\"og:url\" content=\"http:\/\/WWW.derivesdansleglisecatholique.fr\/?p=6321\" \/>\n<meta property=\"og:site_name\" content=\"D\u00e9rives dans l&#039;eglise catholique\" \/>\n<meta property=\"article:published_time\" content=\"2018-11-24T21:14:32+00:00\" \/>\n<meta property=\"article:modified_time\" content=\"2018-11-24T21:15:33+00:00\" \/>\n<meta name=\"author\" content=\"ZWY\" \/>\n<meta name=\"twitter:label1\" content=\"\u00c9crit par\" \/>\n\t<meta name=\"twitter:data1\" content=\"ZWY\" \/>\n\t<meta name=\"twitter:label2\" content=\"Dur\u00e9e de lecture estim\u00e9e\" \/>\n\t<meta name=\"twitter:data2\" content=\"1 minute\" \/>\n<script type=\"application\/ld+json\" class=\"yoast-schema-graph\">{\"@context\":\"https:\\\/\\\/schema.org\",\"@graph\":[{\"@type\":\"Article\",\"@id\":\"http:\\\/\\\/WWW.derivesdansleglisecatholique.fr\\\/?p=6321#article\",\"isPartOf\":{\"@id\":\"http:\\\/\\\/WWW.derivesdansleglisecatholique.fr\\\/?p=6321\"},\"author\":{\"name\":\"ZWY\",\"@id\":\"https:\\\/\\\/WWW.derivesdansleglisecatholique.fr\\\/#\\\/schema\\\/person\\\/00e384b3d6f532a9ea54aafa9d4bde0e\"},\"headline\":\"\u00ab Le risque de la libert\u00e9 \u00bb\",\"datePublished\":\"2018-11-24T21:14:32+00:00\",\"dateModified\":\"2018-11-24T21:15:33+00:00\",\"mainEntityOfPage\":{\"@id\":\"http:\\\/\\\/WWW.derivesdansleglisecatholique.fr\\\/?p=6321\"},\"wordCount\":241,\"inLanguage\":\"fr-FR\"},{\"@type\":\"WebPage\",\"@id\":\"http:\\\/\\\/WWW.derivesdansleglisecatholique.fr\\\/?p=6321\",\"url\":\"http:\\\/\\\/WWW.derivesdansleglisecatholique.fr\\\/?p=6321\",\"name\":\"\u00ab Le risque de la libert\u00e9 \u00bb - D\u00e9rives dans l&#039;eglise catholique\",\"isPartOf\":{\"@id\":\"https:\\\/\\\/WWW.derivesdansleglisecatholique.fr\\\/#website\"},\"datePublished\":\"2018-11-24T21:14:32+00:00\",\"dateModified\":\"2018-11-24T21:15:33+00:00\",\"author\":{\"@id\":\"https:\\\/\\\/WWW.derivesdansleglisecatholique.fr\\\/#\\\/schema\\\/person\\\/00e384b3d6f532a9ea54aafa9d4bde0e\"},\"breadcrumb\":{\"@id\":\"http:\\\/\\\/WWW.derivesdansleglisecatholique.fr\\\/?p=6321#breadcrumb\"},\"inLanguage\":\"fr-FR\",\"potentialAction\":[{\"@type\":\"ReadAction\",\"target\":[\"http:\\\/\\\/WWW.derivesdansleglisecatholique.fr\\\/?p=6321\"]}]},{\"@type\":\"BreadcrumbList\",\"@id\":\"http:\\\/\\\/WWW.derivesdansleglisecatholique.fr\\\/?p=6321#breadcrumb\",\"itemListElement\":[{\"@type\":\"ListItem\",\"position\":1,\"name\":\"Accueil\",\"item\":\"https:\\\/\\\/WWW.derivesdansleglisecatholique.fr\\\/\"},{\"@type\":\"ListItem\",\"position\":2,\"name\":\"\u00ab Le risque de la libert\u00e9 \u00bb\"}]},{\"@type\":\"WebSite\",\"@id\":\"https:\\\/\\\/WWW.derivesdansleglisecatholique.fr\\\/#website\",\"url\":\"https:\\\/\\\/WWW.derivesdansleglisecatholique.fr\\\/\",\"name\":\"D\u00e9rives dans l&#039;eglise catholique\",\"description\":\"Justice et V\u00e9rit\u00e9 pour les familles\",\"potentialAction\":[{\"@type\":\"SearchAction\",\"target\":{\"@type\":\"EntryPoint\",\"urlTemplate\":\"https:\\\/\\\/WWW.derivesdansleglisecatholique.fr\\\/?s={search_term_string}\"},\"query-input\":{\"@type\":\"PropertyValueSpecification\",\"valueRequired\":true,\"valueName\":\"search_term_string\"}}],\"inLanguage\":\"fr-FR\"},{\"@type\":\"Person\",\"@id\":\"https:\\\/\\\/WWW.derivesdansleglisecatholique.fr\\\/#\\\/schema\\\/person\\\/00e384b3d6f532a9ea54aafa9d4bde0e\",\"name\":\"ZWY\",\"image\":{\"@type\":\"ImageObject\",\"inLanguage\":\"fr-FR\",\"@id\":\"https:\\\/\\\/secure.gravatar.com\\\/avatar\\\/b006fa882f3bf76e29e0c251c50ab4f53802f3986c1177a964b472dcbe6fa985?s=96&r=g\",\"url\":\"https:\\\/\\\/secure.gravatar.com\\\/avatar\\\/b006fa882f3bf76e29e0c251c50ab4f53802f3986c1177a964b472dcbe6fa985?s=96&r=g\",\"contentUrl\":\"https:\\\/\\\/secure.gravatar.com\\\/avatar\\\/b006fa882f3bf76e29e0c251c50ab4f53802f3986c1177a964b472dcbe6fa985?s=96&r=g\",\"caption\":\"ZWY\"},\"url\":\"http:\\\/\\\/WWW.derivesdansleglisecatholique.fr\\\/?author=2\"}]}<\/script>\n<!-- \/ Yoast SEO plugin. -->","yoast_head_json":{"title":"\u00ab Le risque de la libert\u00e9 \u00bb - D\u00e9rives dans l&#039;eglise catholique","robots":{"index":"index","follow":"follow","max-snippet":"max-snippet:-1","max-image-preview":"max-image-preview:large","max-video-preview":"max-video-preview:-1"},"canonical":"http:\/\/WWW.derivesdansleglisecatholique.fr\/?p=6321","og_locale":"fr_FR","og_type":"article","og_title":"\u00ab Le risque de la libert\u00e9 \u00bb - D\u00e9rives dans l&#039;eglise catholique","og_description":"&nbsp; &nbsp; Nous vous donnons\u00a0 deux\u00a0 extraits\u00a0 d\u2019un\u00a0 texte\u00a0 du\u00a0 pape\u00a0 Fran\u00e7ois, du 22 novembre 2018\u00a0 paru sur le site : &nbsp; https:\/\/fr.zenit.org\/articles\/doctrine-sociale-de-leglise-le-pape-plaide-pour-le-risque-de-la-liberte\/ &nbsp; Doctrine sociale de l\u2019\u00c9glise : le pape plaide pour \u00ab\u00a0le risque de la libert\u00e9\u00a0\u00bb &nbsp; \u00ab\u00a0(\u2026) Tous ensembles, nous devons nous engager pour \u00e9liminer ce qui prive les hommes et les &hellip; Read More &rarr;","og_url":"http:\/\/WWW.derivesdansleglisecatholique.fr\/?p=6321","og_site_name":"D\u00e9rives dans l&#039;eglise catholique","article_published_time":"2018-11-24T21:14:32+00:00","article_modified_time":"2018-11-24T21:15:33+00:00","author":"ZWY","twitter_misc":{"\u00c9crit par":"ZWY","Dur\u00e9e de lecture estim\u00e9e":"1 minute"},"schema":{"@context":"https:\/\/schema.org","@graph":[{"@type":"Article","@id":"http:\/\/WWW.derivesdansleglisecatholique.fr\/?p=6321#article","isPartOf":{"@id":"http:\/\/WWW.derivesdansleglisecatholique.fr\/?p=6321"},"author":{"name":"ZWY","@id":"https:\/\/WWW.derivesdansleglisecatholique.fr\/#\/schema\/person\/00e384b3d6f532a9ea54aafa9d4bde0e"},"headline":"\u00ab Le risque de la libert\u00e9 \u00bb","datePublished":"2018-11-24T21:14:32+00:00","dateModified":"2018-11-24T21:15:33+00:00","mainEntityOfPage":{"@id":"http:\/\/WWW.derivesdansleglisecatholique.fr\/?p=6321"},"wordCount":241,"inLanguage":"fr-FR"},{"@type":"WebPage","@id":"http:\/\/WWW.derivesdansleglisecatholique.fr\/?p=6321","url":"http:\/\/WWW.derivesdansleglisecatholique.fr\/?p=6321","name":"\u00ab Le risque de la libert\u00e9 \u00bb - D\u00e9rives dans l&#039;eglise catholique","isPartOf":{"@id":"https:\/\/WWW.derivesdansleglisecatholique.fr\/#website"},"datePublished":"2018-11-24T21:14:32+00:00","dateModified":"2018-11-24T21:15:33+00:00","author":{"@id":"https:\/\/WWW.derivesdansleglisecatholique.fr\/#\/schema\/person\/00e384b3d6f532a9ea54aafa9d4bde0e"},"breadcrumb":{"@id":"http:\/\/WWW.derivesdansleglisecatholique.fr\/?p=6321#breadcrumb"},"inLanguage":"fr-FR","potentialAction":[{"@type":"ReadAction","target":["http:\/\/WWW.derivesdansleglisecatholique.fr\/?p=6321"]}]},{"@type":"BreadcrumbList","@id":"http:\/\/WWW.derivesdansleglisecatholique.fr\/?p=6321#breadcrumb","itemListElement":[{"@type":"ListItem","position":1,"name":"Accueil","item":"https:\/\/WWW.derivesdansleglisecatholique.fr\/"},{"@type":"ListItem","position":2,"name":"\u00ab Le risque de la libert\u00e9 \u00bb"}]},{"@type":"WebSite","@id":"https:\/\/WWW.derivesdansleglisecatholique.fr\/#website","url":"https:\/\/WWW.derivesdansleglisecatholique.fr\/","name":"D\u00e9rives dans l&#039;eglise catholique","description":"Justice et V\u00e9rit\u00e9 pour les familles","potentialAction":[{"@type":"SearchAction","target":{"@type":"EntryPoint","urlTemplate":"https:\/\/WWW.derivesdansleglisecatholique.fr\/?s={search_term_string}"},"query-input":{"@type":"PropertyValueSpecification","valueRequired":true,"valueName":"search_term_string"}}],"inLanguage":"fr-FR"},{"@type":"Person","@id":"https:\/\/WWW.derivesdansleglisecatholique.fr\/#\/schema\/person\/00e384b3d6f532a9ea54aafa9d4bde0e","name":"ZWY","image":{"@type":"ImageObject","inLanguage":"fr-FR","@id":"https:\/\/secure.gravatar.com\/avatar\/b006fa882f3bf76e29e0c251c50ab4f53802f3986c1177a964b472dcbe6fa985?s=96&r=g","url":"https:\/\/secure.gravatar.com\/avatar\/b006fa882f3bf76e29e0c251c50ab4f53802f3986c1177a964b472dcbe6fa985?s=96&r=g","contentUrl":"https:\/\/secure.gravatar.com\/avatar\/b006fa882f3bf76e29e0c251c50ab4f53802f3986c1177a964b472dcbe6fa985?s=96&r=g","caption":"ZWY"},"url":"http:\/\/WWW.derivesdansleglisecatholique.fr\/?author=2"}]}},"_links":{"self":[{"href":"http:\/\/WWW.derivesdansleglisecatholique.fr\/index.php?rest_route=\/wp\/v2\/posts\/6321","targetHints":{"allow":["GET"]}}],"collection":[{"href":"http:\/\/WWW.derivesdansleglisecatholique.fr\/index.php?rest_route=\/wp\/v2\/posts"}],"about":[{"href":"http:\/\/WWW.derivesdansleglisecatholique.fr\/index.php?rest_route=\/wp\/v2\/types\/post"}],"author":[{"embeddable":true,"href":"http:\/\/WWW.derivesdansleglisecatholique.fr\/index.php?rest_route=\/wp\/v2\/users\/2"}],"replies":[{"embeddable":true,"href":"http:\/\/WWW.derivesdansleglisecatholique.fr\/index.php?rest_route=%2Fwp%2Fv2%2Fcomments&post=6321"}],"version-history":[{"count":2,"href":"http:\/\/WWW.derivesdansleglisecatholique.fr\/index.php?rest_route=\/wp\/v2\/posts\/6321\/revisions"}],"predecessor-version":[{"id":6323,"href":"http:\/\/WWW.derivesdansleglisecatholique.fr\/index.php?rest_route=\/wp\/v2\/posts\/6321\/revisions\/6323"}],"wp:attachment":[{"href":"http:\/\/WWW.derivesdansleglisecatholique.fr\/index.php?rest_route=%2Fwp%2Fv2%2Fmedia&parent=6321"}],"wp:term":[{"taxonomy":"category","embeddable":true,"href":"http:\/\/WWW.derivesdansleglisecatholique.fr\/index.php?rest_route=%2Fwp%2Fv2%2Fcategories&post=6321"},{"taxonomy":"post_tag","embeddable":true,"href":"http:\/\/WWW.derivesdansleglisecatholique.fr\/index.php?rest_route=%2Fwp%2Fv2%2Ftags&post=6321"}],"curies":[{"name":"wp","href":"https:\/\/api.w.org\/{rel}","templated":true}]}}