{"id":6326,"date":"2018-11-24T22:22:10","date_gmt":"2018-11-24T21:22:10","guid":{"rendered":"http:\/\/WWW.derivesdansleglisecatholique.fr\/?p=6326"},"modified":"2018-11-24T22:24:37","modified_gmt":"2018-11-24T21:24:37","slug":"gaia-la-terre-mere","status":"publish","type":"post","link":"http:\/\/WWW.derivesdansleglisecatholique.fr\/?p=6326","title":{"rendered":"Ga\u00efa, la terre-m\u00e8re"},"content":{"rendered":"<p><strong>\u00a0<\/strong><\/p>\n<p style=\"padding-left: 30px;\"><span style=\"font-family: times new roman, times, serif; font-size: 14pt;\"><span style=\"color: #ff0000;\"><strong>Une conf\u00e9rence de Bertran Chaudet<\/strong>\u00a0<\/span>pour le cycle de formation Pastorale Nouvelles Croyances et D\u00e9rives Sectaires 72.\u00a0<span style=\"font-size: 12pt;\"><a href=\"http:\/\/charismata.free.fr\/?page_id=5237\">Voir la page de Bertran Chaudet<\/a> <a href=\"http:\/\/charismata.free.fr\/?page_id=5237\">http:\/\/charismata.free.fr\/?page_id=5237<\/a> \u00a0<a href=\"http:\/\/pncds72.free.fr\/\">Voir le site de la Pastorale<\/a> <a href=\"http:\/\/pncds72.free.fr\">http:\/\/pncds72.free.fr<\/a><\/span><\/span><\/p>\n<p style=\"padding-left: 30px;\"><span style=\"font-family: times new roman, times, serif; font-size: 14pt;\">Dans la mythologie grecque, Ga\u00efa, ou G\u00ea \u00abTerre \u00bb, est une d\u00e9esse primordiale identifi\u00e9e \u00e0 la D\u00e9esse m\u00e8re ou Terre-M\u00e8re, la terra mater des Romains. Elle dispense la nourriture et la vie aux hommes. Il est tr\u00e8s curieux que le pape Fran\u00e7ois utilise ce vocable \u00e0 de nombreuses reprises, alors qu\u2019il a une consonance habituellement r\u00e9serv\u00e9e aux traditions dites primordiales, aux initi\u00e9s de diverses ob\u00e9diences, ainsi qu\u2019\u00e0 des \u00e9cologistes de la mouvance New Age. Dans son encyclique\u00a0<em>Laudate si<\/em>, Fran\u00e7ois pr\u00e9f\u00e8re utiliser plus prudemment le vocable de\u00a0<em>maison commune<\/em>.<\/span><\/p>\n<p style=\"padding-left: 30px;\"><span style=\"font-family: times new roman, times, serif; font-size: 14pt;\">Ga\u00efa est l\u2019anc\u00eatre maternelle des races divines, mais enfante aussi de nombreuses cr\u00e9atures, les grands serpents et les monstrueux reptiles. Elle appara\u00eet comme une divinit\u00e9 chtonienne, puissance infernale, que l\u2019on invoquait et \u00e0 laquelle on sacrifiait des victimes de couleur claire. Le culte de Ga\u00efa est toujours associ\u00e9 \u00e0 celui du Serpent.<\/span><\/p>\n<p style=\"padding-left: 30px;\"><span style=\"font-family: times new roman, times, serif; font-size: 14pt;\">Ga\u00efa est la gardienne du pouvoir divin : c\u2019est elle qui provoque la r\u00e9bellion de son fils Cronos contre son p\u00e8re Ouranos qui repr\u00e9sente le ciel et celle de son petit-fils Zeus contre Cronos. Elle dresse aussi ses fils monstrueux, les G\u00e9ants et Typhon, contre Zeus. De cette fa\u00e7on, les Grecs ont voulu repr\u00e9senter les deux aspects de la nature : capable de cr\u00e9er la beaut\u00e9 harmonieuse, mais \u00e9galement capable de faire resurgir le chaos originel. (D\u2019apr\u00e8s l\u2019article Ga\u00efa sur wikipedia.)<\/span><\/p>\n<p style=\"padding-left: 30px;\"><span style=\"font-family: times new roman, times, serif; font-size: 14pt;\">Ga\u00efa est donc une divinit\u00e9, un \u00eatre supr\u00eame, l\u2019essence m\u00eame de l\u2019\u00e2me universelle. Elle est pr\u00e9sente sous une forme ou une autre, dans toutes les conceptions initiatiques, les rites secrets magiques, r\u00e9surgences des myst\u00e8res \u00e9gyptiens et grecs, des cultes orphiques et de ceux vou\u00e9s \u00e0 Mithra o\u00f9 les initi\u00e9s pensaient devenir Dieu. Le r\u00f4le du serpent y est essentiel. Les rites d\u2019initiation des myst\u00e8res d\u2019Eleusis tournent autour du serpent comme ceux de Delphes associ\u00e9 au culte du Python, le familier de Ga\u00efa, la Terre M\u00e8re. En Inde, c\u2019est le \u00ab Naga \u00bb le serpent qui est la personnification des \u00e9nergies profondes de la Terre. Ga\u00efa est aussi la divinit\u00e9 qui pouvait pr\u00e9dire l\u2019avenir. Ga\u00efa correspond \u00e0 Aya, la d\u00e9esse-m\u00e8re babylonienne associ\u00e9e au soleil levant et \u00e0 l\u2019amour sexuel.<\/span><\/p>\n<p style=\"padding-left: 30px;\"><span style=\"font-family: times new roman, times, serif; font-size: 14pt;\">Dans la spiritualit\u00e9 New Age, elle est la divinit\u00e9 de la Terre M\u00e8re.<\/span><\/p>\n<p style=\"padding-left: 30px;\"><span style=\"font-family: times new roman, times, serif; font-size: 14pt;\">Nous retrouvons ces conceptions dualistes dans le yin et le yang qui postulent que tout a deux faces ou deux p\u00f4les perp\u00e9tuellement en mouvement. Cette vision du monde est la base fondamentale des films Star Wars comme \u00e9galement de nombreuses productions cin\u00e9matographiques ou de roman\u00a0<em>fantaisy<\/em>. Nous sommes l\u00e0 au c\u0153ur de la mythologie, de la gnose et des courants initiatiques qui ont travers\u00e9 l\u2019histoire apr\u00e8s maints remaniements et qui reviennent toujours \u00e0 ces sources.<\/span><\/p>\n<p style=\"padding-left: 30px;\"><span style=\"font-family: times new roman, times, serif; font-size: 14pt;\">Dans la tradition gnostique, la Terre-M\u00e8re est form\u00e9e de l\u2019\u00c9on Achamoth (ou Sophia-Terrestre, la sagesse), rejet\u00e9e du Pl\u00e9r\u00f4me o\u00f9 l\u2019engendra \u00e0 elle seule l\u2019\u00c9on Sophia du Dod\u00e9cade.<\/span><\/p>\n<p style=\"padding-left: 30px;\"><span style=\"font-family: times new roman, times, serif; font-size: 14pt;\">Saint Ir\u00e9n\u00e9e luttera avec une grande vigueur dans sa vie contre ces traditions initiatiques et dans son \u0153uvre\u00a0<em>Contre les h\u00e9r\u00e9sies<\/em>, o\u00f9 il parle des \u00e9ons et du pl\u00e9r\u00f4me pour en d\u00e9noncer les mensonges et l\u2019incompatibilit\u00e9 avec la foi chr\u00e9tienne. Voici une ligne de son introduction, qu\u2019il faudrait citer en entier, pleine de d\u00e9licatesse d\u2019humilit\u00e9, mais aussi de d\u00e9termination\u00a0: \u00ab\u00a0<em>De fa\u00e7on sp\u00e9cieuse, par l\u2019art des discours, ils attirent d\u2019abord les simples \u00e0 la manie des recherches; apr\u00e8s quoi, sans plus se soucier de vraisemblance, ils perdent ces malheureux, en inculquant des pens\u00e9es blasph\u00e9matoires et impies \u00e0 l\u2019endroit de leur Cr\u00e9ateur \u00e0 des gens incapables de discerner le<\/em>\u00a0<em>faux du vrai.\u00a0<\/em>\u00bb Dans la pr\u00e9face de ce livre, le Cardinal Albert Decourtray archev\u00eaque de Lyon \u00e9crivit<em>\u00a0: \u00ab\u2026 en luttant contre le gnosticisme le deuxi\u00e8me \u00e9v\u00eaque de Lyon a combattu, il y a exactement dix-huit si\u00e8cles, la d\u00e9viance la plus redoutable que rencontre aujourd\u2019hui la foi chr\u00e9tienne, du moins en Occident. \u00bb<\/em><\/span><\/p>\n<p style=\"padding-left: 30px;\"><span style=\"font-family: times new roman, times, serif; font-size: 14pt;\">Les P\u00e8res de l\u2019\u00c9glise n\u2019ont pas cess\u00e9 de pr\u00e9ciser que la Foi en un Dieu Cr\u00e9ateur de l\u2019univers, en J\u00e9sus-Christ mort et ressuscit\u00e9, vrai Dieu et vrai homme, s\u2019inscrivait de mani\u00e8re radicalement diff\u00e9rente et nouvelle face \u00e0 tous ces courants gnostiques.<\/span><\/p>\n<p style=\"padding-left: 30px;\"><span style=\"font-family: times new roman, times, serif; font-size: 14pt;\">Dans l\u2019\u00e9vangile apocryphe et gnostique de saint Thomas, Dieu se trouve en toute chose\u00a0:\u00a0\u00ab\u00a0<em>Fends le bois, je suis l\u00e0, soul\u00e8ve la pierre et tu m\u2019y trouveras\u2026<\/em>\u00a0\u00bb Ou encore\u00a0:\u00a0\u00ab\u00a0<em>Il est en chaque pierre\u2026 au centre de la terre, au fond des oc\u00e9ans, il fait germer les graines, dirige les ruisseaux,\u2026<\/em>\u00bb Marylin Fergusson grande pr\u00eatresse du Nouvel Age aura les m\u00eames accents en voyant une petite fille boire un verre de lait\u00a0: \u00ab\u00a0\u00a0<em>Tout \u00e0 coup, je vis qu\u2019elle \u00e9tait Dieu et que le lait \u00e9tait Dieu. Ce qu\u2019elle faisait \u00e9tait simplement de verser Dieu en Dieu<\/em>.<a name=\"_ftnref1\"><\/a><a href=\"http:\/\/charismata.free.fr\/?p=5816#_ftn1\"><sup>[1]<\/sup><\/a>\u00a0\u00bb<\/span><\/p>\n<p style=\"padding-left: 30px;\"><span style=\"font-family: times new roman, times, serif; font-size: 14pt;\">\u00c0 ces gnostiques saint Augustin r\u00e9pondait\u00a0: \u00ab\u00a0<em>J\u2019ai cherch\u00e9 mon Dieu dans tous les corps, sur la terre et dans les cieux et je ne l\u2019y trouve pas. J\u2019ai cherch\u00e9 sa substance dans mon \u00e2me et ne l\u2019y trouve pas non plus et il ne me reste rien \u00e0 toucher si ce n\u2019est Dieu lui-m\u00eame.<\/em>\u00a0\u00bb<\/span><\/p>\n<p style=\"padding-left: 30px;\"><span style=\"font-family: times new roman, times, serif; font-size: 14pt;\"><strong>Le transcendantalisme.<\/strong><\/span><\/p>\n<p style=\"padding-left: 30px;\"><span style=\"font-family: times new roman, times, serif; font-size: 14pt;\">Thoreau et Emerson, dans le prolongement des id\u00e9es de Rousseau avec la raison en moins, sont eux aussi dans ce courant. Pour eux \u00ab\u00a0<em>la vraie religion est dans le c\u0153ur et n\u2019est li\u00e9e \u00e0 aucune forme et \u00e0 aucune langue<\/em>.\u00bb Ils s\u2019int\u00e9ressaient au somnambulisme (hypnose), aux oracles, \u00e0 la m\u00e9diumnit\u00e9. Ils sont devenus les ma\u00eetres \u00e0 penser de la jeunesse am\u00e9ricaine des ann\u00e9es 1960-1970, puis des courants New-Age. Emerson (1803-1882) fils de pasteur et pasteur lui-m\u00eame en est une figure embl\u00e9matique. Il rejeta toute contrainte doctrinale pour rechercher intuitivement l\u2019union avec le divin dans les \u00e9nergies de la nature. En 1938, il fonda le\u00a0<em>Transcendantal Club of Boston<\/em>, d\u2019o\u00f9 vient le mouvement appel\u00e9\u00a0<em>transcendantalisme am\u00e9ricain.<\/em>\u00a0Pour Emerson\u00a0: \u00ab\u00a0<em>Le monde est le produit d\u2019une volont\u00e9 unique, d\u2019un esprit unique, et cet esprit est actif partout, dans chaque rayon de l\u2019\u00e9toile, dans chaque ride de l\u2019\u00e9tang.<\/em>\u00a0<a name=\"_ftnref2\"><\/a><a href=\"http:\/\/charismata.free.fr\/?p=5816#_ftn2\"><sup>[2]<\/sup><\/a>\u00bb<\/span><\/p>\n<p style=\"padding-left: 30px;\"><span style=\"font-family: times new roman, times, serif; font-size: 14pt;\">Emerson fut lui-m\u00eame influenc\u00e9 par Swedenborg (1688-1772) scientifique, th\u00e9ologien et philosophe su\u00e9dois. Swedenborg s\u2019inscrit dans le courant de la th\u00e9osophie, il est tr\u00e8s en vogue chez les occultistes et autres\u00a0<em>initi\u00e9s<\/em>.<\/span><\/p>\n<p style=\"padding-left: 30px;\"><span style=\"font-family: times new roman, times, serif; font-size: 14pt;\">\u00c0 l\u2019\u00e2ge de cinquante-six ans, il d\u00e9clare \u00eatre entr\u00e9 dans une phase spirituelle de sa vie. Il a des r\u00eaves et des visions mystiques dans lesquels il discute avec des anges et des esprits, voire avec Dieu et J\u00e9sus-Christ, et visite le Paradis et l\u2019Enfer. Toute sa th\u00e9orie repose sur le principe des correspondances entre le monde spirituel et le monde mat\u00e9riel \u2014 une th\u00e9orie qui int\u00e9ressera Baudelaire, dont un po\u00e8me s\u2019intitule pr\u00e9cis\u00e9ment \u00ab\u00a0<em>Correspondances\u00a0<\/em>\u00bb dans\u00a0<em>Les Fleurs du mal<\/em>.<\/span><\/p>\n<p style=\"padding-left: 30px;\"><span style=\"font-family: times new roman, times, serif; font-size: 14pt;\">Pour Balzac\u00a0: \u00ab\u00a0<em>Swedenborg r\u00e9sume toutes les religions, ou plut\u00f4t la seule religion de l\u2019Humanit\u00e9\u00a0<\/em>\u00bb. Il contribue donc \u00e0 le faire conna\u00eetre, notamment par son roman autobiographique\u00a0<em>Louis Lambert<\/em>\u00a0et par\u00a0<em>S\u00e9raph\u00eeta,<\/em>\u00a0dans lequel le pasteur Becker fait l\u2019\u00e9loge du mystique su\u00e9dois.<\/span><\/p>\n<p style=\"padding-left: 30px;\"><span style=\"font-family: times new roman, times, serif; font-size: 14pt;\">Paul Val\u00e9ry signe la pr\u00e9face de la traduction fran\u00e7aise de la biographie intitul\u00e9e\u00a0<em>Swedenborg<\/em>\u00a0par Martin Lamm, \u00e9dit\u00e9e par Stock en 1936.<\/span><\/p>\n<p style=\"padding-left: 30px;\"><span style=\"font-family: times new roman, times, serif; font-size: 14pt;\">William Blake s\u2019est \u00e9galement int\u00e9ress\u00e9 \u00e0 son \u0153uvre, ainsi que Arthur Conan Doyle, Carl Jung, Czes\u0142aw Mi\u0142osz, et Jorge Luis Borges.<\/span><\/p>\n<p style=\"padding-left: 30px;\"><span style=\"font-family: times new roman, times, serif; font-size: 14pt;\">William Blake (1757-1827) se fait le chantre de cette inversion totale de la R\u00e9v\u00e9lation chr\u00e9tienne dans son po\u00e8me mariage du Ciel et de l\u2019Enfer.<\/span><\/p>\n<p style=\"padding-left: 30px;\"><span style=\"font-family: times new roman, times, serif; font-size: 14pt;\">\u00ab<em>\u00a0Lorsque Satan banda la premi\u00e8re fois son arc,\u00a0d\u00e9livra les hommes du mythe du p\u00e9ch\u00e9 originel invent\u00e9 par d\u2019hypocrites moralisateurs, par les faibles. Cherchant \u00e0 asservir les forts par la ruse.\u00a0\u00bb <\/em><\/span><\/p>\n<p style=\"padding-left: 30px;\"><span style=\"font-family: times new roman, times, serif; font-size: 14pt;\"><em>\u00a0<\/em><\/span><\/p>\n<p style=\"padding-left: 30px;\"><span style=\"font-family: times new roman, times, serif; font-size: 14pt;\">Et dans son po\u00e8me \u00ab\u00a0L\u2019\u00c9vangile \u00e9ternel\u00a0\u00bb, il d\u00e9clame\u00a0: \u00ab\u00a0<em>Tu es homme, Dieu n\u2019est pas plus. \u00a0 \u00a0 \u00a0 \u00a0 \u00a0 \u00a0 \u00a0 \u00a0 \u00a0 \u00a0 \u00a0 \u00a0 \u00a0 \u00a0 \u00a0 \u00a0 \u00a0 \u00a0 \u00a0 \u00a0 \u00a0 \u00a0 \u00a0 \u00a0 \u00a0 \u00a0 \u00a0 \u00a0 \u00a0 \u00a0 \u00a0 \u00a0 \u00a0 \u00a0 \u00a0 \u00a0 \u00a0 \u00a0 \u00a0 \u00a0 \u00a0 \u00a0 \u00a0 \u00a0 \u00a0 \u00a0 \u00a0 \u00a0 \u00a0 \u00a0 \u00a0 \u00a0 \u00a0 \u00a0 \u00a0 \u00a0 \u00a0 \u00a0 \u00a0 \u00a0Apprends \u00e0 adorer ta propre divinit\u00e9.<\/em>\u00a0\u00bb<\/span><\/p>\n<p style=\"padding-left: 30px;\"><span style=\"font-family: times new roman, times, serif; font-size: 14pt;\">Le po\u00e8te anglais Milton ne fera que reprendre cette th\u00e9matique en glorifiant Satan, dans\u00a0<em>le Paradis perdu<\/em>.<\/span><\/p>\n<p style=\"padding-left: 30px;\"><span style=\"font-family: times new roman, times, serif; font-size: 14pt;\">Selon ces conceptions, dans l\u2019univers Ga\u00efa, le bien et le mal sont des notions qu\u2019il convient de d\u00e9passer. Ga\u00efa \u00e9tant une force cosmique englobant tout. Le mal que nous rencontrons n\u2019est que le fruit d\u2019un \u00e9quilibre spirituel qui n\u2019est pas arriv\u00e9 encore \u00e0 maturit\u00e9. Une pleine conscience, comme nous y invite la m\u00e9ditation qui porte ce nom, permettrait d\u2019\u00e9chapper \u00e0 l\u2019illusion, l\u2019erreur, l\u2019ignorance<a name=\"_ftnref3\"><\/a><a href=\"http:\/\/charismata.free.fr\/?p=5816#_ftn3\">[3]<\/a>. Le mal qui ne serait que la r\u00e9sultante de forces \u00ab\u00a0<em>dont la seule particularit\u00e9 est d\u2019avoir \u00e9t\u00e9 employ\u00e9es \u00e0 mauvais escient ou de ne pas avoir \u00e9t\u00e9 adapt\u00e9s aux besoins de l\u2019\u00e9volution<\/em>.<a name=\"_ftnref4\"><\/a><a href=\"http:\/\/charismata.free.fr\/?p=5816#_ftn4\"><sup>[4]<\/sup><\/a>\u00bb<\/span><\/p>\n<p style=\"padding-left: 30px;\"><span style=\"font-family: times new roman, times, serif; font-size: 14pt;\"><strong>Star Wars<\/strong><\/span><\/p>\n<p style=\"padding-left: 30px;\"><span style=\"font-family: times new roman, times, serif; font-size: 14pt;\">Dans l\u2019univers de Star Wars, le noir est l\u2019envers du bien, la face cach\u00e9e de la force \u00ab\u00a0<em>car il y a du mal dans le bien et du bien dans le mal, comme il y a du yin dans le yang et du yang dans le yin.<\/em>\u00a0<a name=\"_ftnref5\"><\/a><a href=\"http:\/\/charismata.free.fr\/?p=5816#_ftn5\"><sup>[5]<\/sup><\/a>\u00bb. Star Wars, la guerre des \u00e9toiles, ph\u00e9nom\u00e8ne cin\u00e9matographique sans pr\u00e9c\u00e9dent n\u2019a d\u2019autre principe fondateur que cette conception-l\u00e0\u2026 Dark Vader le m\u00e9chant tout en noir est le p\u00e8re du bon Luke Skywalker tout en blanc. Il passe successivement du c\u00f4t\u00e9 blanc au c\u00f4t\u00e9 noir puis du c\u00f4t\u00e9 noir au c\u00f4t\u00e9 blanc. Il s\u2019agit de surmonter l\u2019illusion de la dualit\u00e9 pour fusionner avec l\u2019\u00e9nergie du monde. Tout est un, tout est \u00e9nergie, tout est Conscience. Une conscience sans morale, une conscience sans le Dieu de la r\u00e9v\u00e9lation chr\u00e9tienne.<\/span><\/p>\n<p style=\"padding-left: 30px;\"><span style=\"font-family: times new roman, times, serif; font-size: 14pt;\">Ce sont les m\u00eames sch\u00e9mas issus des gnostiques et repris par les kabbalistes. Pour ces initi\u00e9s le serpent est le grand initiateur qui n\u2019est pas du tout, comme l\u2019enseigne le catholicisme, l\u2019ennemi du genre humain, mais au contraire son protecteur qui a \u00e9t\u00e9 victime de la jalousie du D\u00e9miurge, cr\u00e9ateur de la mati\u00e8re. L\u2019Archange Saint Michel qui l\u2019avait pr\u00e9cipit\u00e9 dans l\u2019ab\u00eeme est un v\u00e9ritable d\u00e9mon qui veut maintenir les hommes dans l\u2019ignorance alors que Lucifer et Belz\u00e9buth sont eux porteurs de la vraie lumi\u00e8re.\u00a0<strong>Tout est invers\u00e9, rien n\u2019est mauvais, rien n\u2019est maudit, le monde tel qu\u2019il se pr\u00e9sente est une illusion qu\u2019entretient le catholicisme. Mais l\u2019initi\u00e9 sait que ce que l\u2019on appelle le Mal est en Dieu lui-m\u00eame l\u2019autre face du bien.<\/strong><\/span><\/p>\n<p style=\"padding-left: 30px;\"><span style=\"font-family: times new roman, times, serif; font-size: 14pt;\">De plus les gnostiques puis les kabbalistes ont toujours affirm\u00e9 que l\u2019\u00e2me \u00e9tait une \u00e9tincelle divine, parcelle de l\u2019\u00c2me du monde, qui n\u2019est rien d\u2019autre que Dieu immanent dans l\u2019univers. Ainsi la conscience est divinis\u00e9e parce que participant \u00e0 une conscience universelle. Elle n\u2019a d\u2019ordre \u00e0 recevoir que d\u2019elle-m\u00eame. Il n\u2019y a donc plus ni bien ni mal, seul est d\u00e9terminant ce que ma conscience me dit de faire.<\/span><\/p>\n<p style=\"padding-left: 30px;\"><span style=\"font-family: times new roman, times, serif; font-size: 14pt;\"><strong>Hypoth\u00e8se Ga\u00efa et Th\u00e9ories Ga\u00efa.<\/strong><\/span><\/p>\n<p style=\"padding-left: 30px;\"><span style=\"font-family: times new roman, times, serif; font-size: 14pt;\">Pour illustrer sa th\u00e9orie, appel\u00e9e hypoth\u00e8se Ga\u00efa, l\u2019\u00e9cologiste anglais James Lovelock utilise, d\u00e8s 1970, le nom et l\u2019image de la d\u00e9esse-m\u00e8re Ga\u00efa, personnifiant \u00ab\u00a0<em>la Terre comme un \u00eatre vivant<\/em>\u00a0\u00bb (titre de son ouvrage fondateur). Selon lui, la Terre est un syst\u00e8me intelligent, s\u2019autor\u00e9gulant, et voulant permettre le d\u00e9veloppement de la Vie, objectif permis au moyen des lois ga\u00efennes. \u00c0 sa suite, des courants du New Age revendiquent la notion et d\u00e9veloppent des th\u00e9ories Ga\u00efa.<\/span><\/p>\n<p style=\"padding-left: 30px;\"><span style=\"font-family: times new roman, times, serif; font-size: 14pt;\">Selon Lovolock, \u00ab\u00a0<em>tout le spectre du vivant sur la Terre, des baleines aux virus, des ch\u00eanes aux algues, peut \u00eatre consid\u00e9r\u00e9 comme formant une entit\u00e9 vivante unique, capable de manipuler l\u2019atmosph\u00e8re de la terre pour subvenir \u00e0 l\u2019ensemble de ses besoins, et dot\u00e9e de pouvoirs qui d\u00e9passent de loin ceux de ses parties constitutives<\/em>\u00a0\u00bb\u2026 donc\u00a0\u00ab\u00a0<em>Si nous \u00e9liminons un seul de ces \u00eatres nous d\u00e9truisons peut-\u00eatre une partie de nous-m\u00eames puisque nous aussi, nous sommes une partie de Ga\u00efa.<a name=\"_ftnref6\"><\/a><a href=\"http:\/\/charismata.free.fr\/?p=5816#_ftn6\"><strong><sup>[6]<\/sup><\/strong><\/a><\/em>\u00a0\u00bb<\/span><\/p>\n<p style=\"padding-left: 30px;\"><span style=\"font-family: times new roman, times, serif; font-size: 14pt;\">\u00ab\u00a0<em>L\u2019homme est un neurone du syst\u00e8me nerveux de la Terre, et toutes les entit\u00e9s individuelles ont entre elles une relation de compl\u00e9mentarit\u00e9. En fait il existe une compl\u00e9mentarit\u00e9 interne, ou androgynie, dans toute la cr\u00e9ation.<\/em>\u00a0<a name=\"_ftnref7\"><\/a><a href=\"http:\/\/charismata.free.fr\/?p=5816#_ftn7\">[7]<\/a>\u00bb (Voir notre article \u00ab\u00a0Gender\u00a0et mariage \u00a0homosexuel, revendication l\u00e9gitime ou retour au mythe de l\u2019androgynie\u00a0\u00bb sur PNCDS72<a name=\"_ftnref8\"><\/a><a href=\"http:\/\/charismata.free.fr\/?p=5816#_ftn8\">[8]<\/a>.<\/span><\/p>\n<p style=\"padding-left: 30px;\"><span style=\"font-family: times new roman, times, serif; font-size: 14pt;\"><strong>Fiat Lux sur la fa\u00e7ade de Saint-Pierre de Rome.<\/strong><\/span><\/p>\n<p style=\"padding-left: 30px;\"><span style=\"font-family: times new roman, times, serif; font-size: 14pt;\">Voir l\u2019article complet d\u2019Anne Dolhein sur le site REINFOMATION.TV<a name=\"_ftnref9\"><\/a><a href=\"http:\/\/charismata.free.fr\/?p=5816#_ftn9\">[9]<\/a>.<\/span><\/p>\n<p style=\"padding-left: 30px;\"><span style=\"font-family: times new roman, times, serif; font-size: 14pt;\">La projection du spectacle sonore et lumineux\u00a0<em>Fiat Lux<\/em>\u00a0sur la fa\u00e7ade de Saint-Pierre de Rome pour marquer \u00e0 la fois l\u2019ouverture du Jubil\u00e9 de la Mis\u00e9ricorde et la lutte contre le changement climatique, selon le plan d\u2019action de la COP21 est pour le moins troublant.<\/span><\/p>\n<p style=\"padding-left: 30px;\"><span style=\"font-family: times new roman, times, serif; font-size: 14pt;\">Comment se fait-il que la banque mondiale qui a financ\u00e9 ce spectacle s\u2019investisse par ailleurs dans des projets contraires \u00e0 l\u2019enseignement de l\u2019\u00c9glise?<\/span><\/p>\n<p style=\"padding-left: 30px;\"><span style=\"font-family: times new roman, times, serif; font-size: 14pt;\">Les images et la bande-son propos\u00e9es sont p\u00e9tries de culture New Age, c\u2019est un culte rendu \u00e0 la nature et \u00e0 ses forces sans \u00e9voquer leur Cr\u00e9ateur, sans jamais \u00e9voquer le Christ Pantokrator, sans parler du p\u00e9ch\u00e9 des hommes ni de Celui qui vient les en lib\u00e9rer.<\/span><\/p>\n<p style=\"padding-left: 30px;\"><span style=\"font-family: times new roman, times, serif; font-size: 14pt;\">Les r\u00e9alisateurs de Fiat Lux ne cachent pas leur r\u00e9f\u00e9rence au New Age et aux divinit\u00e9s pa\u00efennes. En effet Travis Threlkel, fondateur et directeur artistique d\u2019<em>Obscura<\/em>, dont le nom est d\u00e9j\u00e0 tout un programme, la soci\u00e9t\u00e9 qui a op\u00e9r\u00e9 la \u00ab mise en lumi\u00e8re \u00bb de la basilique Saint-Pierre, avait d\u00e9j\u00e0 op\u00e9r\u00e9 un premier spectacle projet\u00e9 sur l\u2019Empire State Building \u00e0 New York au mois d\u2019ao\u00fbt pr\u00e9c\u00e9dent : \u00ab\u00a0<em>On sent l\u2019\u00e9nergie palpable du moment. Quelque chose de grand va se passer ici\u00a0<\/em>\u00bb, avait-il d\u00e9clar\u00e9 \u00e0 Ann Thompson de NBC \u00e0 la veille de la projection.<\/span><\/p>\n<p style=\"padding-left: 30px;\"><span style=\"font-family: times new roman, times, serif; font-size: 14pt;\">Elle commente \u00e0 propos des artistes : \u00ab\u00a0<em>Ils sont inspir\u00e9s, comme d\u2019autres avant eux, par une puissance plus \u00e9lev\u00e9e.<\/em>\u00a0\u00bb il a expliqu\u00e9 \u00e0 la cha\u00eene am\u00e9ricaine NBC le niveau de \u00ab contribution \u00bb du Vatican au sc\u00e9nario \u00ab \u00e9tonnamment minimal \u00bb. \u00ab Je n\u2019arrive pas \u00e0 croire \u00e0 quel point, ils nous ont soutenus\u2026 \u00bb, dit-il. C\u2019est Threlkel lui-m\u00eame qui expliquait au cours d\u2019un entretien le 1er ao\u00fbt : \u00ab\u00a0<em>Nous avons fait des trucs amusants. Un singe argent\u00e9 qui grimpe le long de l\u2019Empire State, et qui invoque la Terre M\u00e8re. Nous avons Gaia, et Aya, et la Terre M\u00e8re appara\u00eet. (\u2026) Je suis descendu dans la rue et il y a des milliers de personnes, tellement aimables. Il y a comme ce silence, cette \u00ab vibration \u00bb zen qui est l\u00e0. Tout le monde parle des animaux. \u00c7a marche. Nous allons toucher un million de gens.<\/em>\u00a0\u00bb<\/span><\/p>\n<p style=\"padding-left: 30px;\"><span style=\"font-family: times new roman, times, serif; font-size: 14pt;\">La basilique Saint-Pierre fut l\u2019ach\u00e8vement et l\u2019apoth\u00e9ose d\u2019un spectacle commenc\u00e9 \u00e0 New York. Une l\u00e9gitime question se pose\u00a0: les responsables du Vatican qui ont autoris\u00e9 la projection de\u00a0<em>Fiat Lux<\/em>\u00a0sont-ils na\u00effs ou complices\u00a0?<\/span><\/p>\n<p style=\"padding-left: 30px;\"><span style=\"font-family: times new roman, times, serif; font-size: 14pt;\"><em>(\u2026) \u00ab\u00a0Que ces images soient profond\u00e9ment d\u00e9rangeantes s\u2019explique sans doute le mieux par ce qu\u2019en dit l\u2019artiste digital qui les a cr\u00e9\u00e9es : Andrew, dit Android Jones, qui travaille aux confins du \u00ab r\u00e9alisme g\u00e9n\u00e9r\u00e9 par ordinateur \u00bb et le psych\u00e9d\u00e9lisme abstrait, comme l\u2019explique un journaliste qui l\u2019interviewait le 18 novembre dernier.<\/em><\/span><\/p>\n<p style=\"padding-left: 30px;\"><span style=\"font-family: times new roman, times, serif; font-size: 14pt;\"><em>Il participe r\u00e9guli\u00e8rement au festival New Age d\u2019art totalement \u00ab libre \u00bb, Burning Man. Il a travaill\u00e9 pour la famille royale d\u2019Abu Dhabi. Il \u00ab r\u00e9ifie les immenses paysages oniriques mystiques et artistiques qu\u2019il a acquis par le voyage et l\u2019exploration transcendantale \u00bb. Il se r\u00e9clame de \u00ab la Force \u00bb \u00e0 la mani\u00e8re de George Lucas l\u2019auteur de Star Wars. Pour lui, Burning Man est comme \u00ab les Jeux olympiques de la cr\u00e9ativit\u00e9 qui change l\u2019esprit\u00a0\u00bb.<\/em><\/span><\/p>\n<p style=\"padding-left: 30px;\"><span style=\"font-family: times new roman, times, serif; font-size: 14pt;\"><em>\u00c0 la question de savoir s\u2019il a fait l\u2019exp\u00e9rience des substances psych\u00e9d\u00e9liques, il r\u00e9pond : \u00ab L\u00e0 je r\u00e9pondrais affirmativement. J\u2019ai le sentiment qu\u2019en tant qu\u2019\u00eatres humains, la libert\u00e9 nous est accord\u00e9e d\u2019explorer personnellement les zones frontali\u00e8res et les limites de notre conscience. (\u2026) J\u2019aimerais mieux \u00eatre damn\u00e9 que de voir quelqu\u2019un emp\u00eacher la souverainet\u00e9 de mes capacit\u00e9s d\u2019explorer l\u2019espace int\u00e9rieur, les dimensions infinies de l\u2019esprit, la cr\u00e9ativit\u00e9 et le myst\u00e8re qui ne peut \u00eatre connu. Ce sont des outils qui offrent des portails et l\u2019acc\u00e8s \u00e0 des royaumes diff\u00e9rents que je n\u2019ai pas encore pu pleinement saisir et dont je ne peux dire que j\u2019ai compris toutes leurs significations. Je consid\u00e8re que beaucoup d\u2019entre eux sont des facilitateurs. Ils ont facilit\u00e9 ma capacit\u00e9 \u00e0 faire le tour du monde, ils ont facilit\u00e9 ma capacit\u00e9 \u00e0 r\u00e9soudre les probl\u00e8mes, ils m\u2019ont appris \u00e0 d\u00e9couvrir des combinaisons d\u2019\u00e9nergie et de mati\u00e8re nouvelles et int\u00e9ressantes. Certains m\u2019ont donn\u00e9 un regard sur les plus hauts aspects de mon propre \u00eatre et d\u2019autres m\u2019ont montr\u00e9 les pires cauchemars que je ne pourrai jamais d\u00e9peindre et dont je ne souhaite pas me souvenir. Je crois qu\u2019ils ont approfondi mon humanit\u00e9 sur cette plan\u00e8te. \u00bb<\/em><\/span><\/p>\n<p style=\"padding-left: 30px;\"><span style=\"font-family: times new roman, times, serif; font-size: 14pt;\">Voir notre article\u00a0<em>Stanislav Grof. Psychologie trans personnelle. Une approche globale et spirituelle pour \u00e9panouir sa conscience<\/em>\u00a0sur PNCDS72<a name=\"_ftnref10\"><\/a><a href=\"http:\/\/charismata.free.fr\/?p=5816#_ftn10\">[10]<\/a>.<\/span><\/p>\n<p style=\"padding-left: 30px;\"><span style=\"font-family: times new roman, times, serif; font-size: 14pt;\"><em>\u00ab\u00a0C\u2019est le ma\u00eetre mot : celui de la \u00ab red\u00e9finition \u00bb de l\u2019humain, transport\u00e9 dans un univers visuel d\u2019exp\u00e9riences imm\u00e9diates. Il n\u2019y a pas de doute, ce changement anthropologique ainsi que d\u2019autres l\u2019ont appel\u00e9 fait partie de cette \u00ab nouvelle \u00e8re \u00bb, ce New Age qui rejette les religions d\u2019hier et r\u00eave d\u2019un syncr\u00e9tisme tout oriental. Android Jones ne se dit-il pas fascin\u00e9 par l\u2019hindouisme et l\u2019orientalisme ? \u00ab Leurs divinit\u00e9s\u2026 ne sont que des facettes diff\u00e9rentes de l\u2019innommable. Des expressions de la Source, de Dieu, du Cr\u00e9ateur, du Grand Esprit, du Monstre en spaghettis volant \u00bb, dit-il. Il a pour chacune une certaine \u00ab r\u00e9v\u00e9rence, un respect \u00bb. Certaines divinit\u00e9s lui paraissent plus difficiles \u00e0 repr\u00e9senter que d\u2019autres : \u00ab J\u2019ai comme le sentiment qu\u2019il faut ressentir une permission plus profonde et une b\u00e9n\u00e9diction pour explorer tout cela de mani\u00e8re significative\u2026 \u00bb<\/em><\/span><\/p>\n<p style=\"padding-left: 30px;\"><span style=\"font-family: times new roman, times, serif; font-size: 14pt;\"><em>(\u2026) Michael D. O\u2019Brien, l\u2019auteur catholique canadien bien connu du public fran\u00e7ais pour sa trilogie du P\u00e8re Elijah, y a vu une spiritualit\u00e9 vid\u00e9e de toute substance chr\u00e9tienne : \u00ab Le tableau \u00e9tait implicitement religieux, proposant une spiritualit\u00e9 qui est cens\u00e9e sauver la plan\u00e8te, comme pour dire : voici la \u201cfemme\u201d (la Terre m\u00e8re, la d\u00e9esse Gaia) \u00e0 qui nous devons r\u00e9v\u00e9rence, sinon un culte. Il est donc particuli\u00e8rement d\u00e9rangeant que cet \u00e9v\u00e9nement ait \u00e9t\u00e9 planifi\u00e9 pour avoir lieu lors de la f\u00eate de l\u2019Immacul\u00e9e Conception, o\u00f9 l\u2019\u00c9glise f\u00eate de la mani\u00e8re la plus \u00e9minente la vraie Femme, la M\u00e8re de tous les Peuples. \u00bb<\/em><\/span><\/p>\n<p style=\"padding-left: 30px;\"><span style=\"font-family: times new roman, times, serif; font-size: 14pt;\"><em>O\u2019Brien a critiqu\u00e9 cette forme d\u2019\u00ab inculturation \u00bb o\u00f9 celui qui veut \u00e9vang\u00e9liser \u00ab perd la vision de sa propre identit\u00e9 et de son propos missionnaire en tant que porteur de l\u2019unique vraie Lumi\u00e8re qui sauvera le monde \u00bb. \u00ab L\u00e0 o\u00f9 la prudence et la clart\u00e9 font d\u00e9faut, l\u2019inculturation subit facilement une mutation qui la fait assimiler par le paganisme \u00bb, a-t-il ajout\u00e9\u2026<\/em><\/span><\/p>\n<p style=\"padding-left: 30px;\"><span style=\"font-family: times new roman, times, serif; font-size: 14pt;\"><em>(\u2026) LifeSite cite encore Cornelia Ferreira, dipl\u00f4m\u00e9e en sciences et fin connaisseur du mouvement New Age, pour qui Fiat Lux \u00e9tait \u00ab certainement li\u00e9 au New Age et \u00e0 l\u2019occulte \u00bb. Elle a vu dans le spectacle des techniques de th\u00e9\u00e2tre du contr\u00f4le de l\u2019esprit qui ouvre les spectateurs aux influences occultes, qui ne sont pas imm\u00e9diatement perceptibles puisqu\u2019on peut ne voir que les images de surface : des animaux projet\u00e9s sur un fond. \u00ab Mais il y a un niveau plus profond que l\u2019on peut voir en tenant compte de qui a cr\u00e9\u00e9 le spectacle et l\u2019\u201c\u00e9cran\u201d qu\u2019ils ont utilis\u00e9. Et il y a un sens encore plus profond lorsque vous \u00e9tudiez l\u2019\u00e9trange symbolisme et la s\u00e9quence des \u00e9v\u00e9nements au sein du spectacle. \u00bb<\/em><\/span><\/p>\n<p style=\"padding-left: 30px;\"><span style=\"font-family: times new roman, times, serif; font-size: 14pt;\">C\u2019est pr\u00e9cis\u00e9ment une mani\u00e8re de faire des initi\u00e9s que d\u2019utiliser langage ou des figures \u00e9sot\u00e9riques pour n\u2019\u00eatre compris que des seuls initi\u00e9s qui voient une autre histoire que celle pr\u00e9sent\u00e9e en surface de mani\u00e8re exot\u00e9rique aux profanes ou aux vulgaires.<\/span><\/p>\n<p style=\"padding-left: 30px;\"><span style=\"font-family: times new roman, times, serif; font-size: 14pt;\"><em>(\u2026) \u00ab\u00a0 Des symboles qui peuvent avoir une influence par les techniques d\u2019ouverture de l\u2019esprit\u2026 Ils \u00e9taient d\u2019ailleurs accompagn\u00e9s de cris et de grognements d\u2019animaux et de sonorit\u00e9s stridentes ou planantes typiques du New Age.<\/em><\/span><\/p>\n<p style=\"padding-left: 30px;\"><span style=\"font-family: times new roman, times, serif; font-size: 14pt;\"><em>Il serait na\u00eff, dit Cornelia Ferreira, de ne pas voir les symboles occultes qui semblent avoir \u00e9t\u00e9 ins\u00e9r\u00e9s dans le sc\u00e9nario de mani\u00e8re d\u00e9lib\u00e9r\u00e9e. Au d\u00e9but, un soleil levant gigantesque semble recouvrir toute la fa\u00e7ade de Saint-Pierre. Cela renvoie vers le \u00ab nouveau jour \u00bb qui se l\u00e8ve sur les masses, un \u00abchangement de direction \u00bb. Changement de paradigme disent les disciples du New Age. Suivie de la lune \u00e9clips\u00e9e, de ciel et de nuages, puis d\u2019eau recouvrant la fa\u00e7ade et d\u2019une multitude de bougies, les premi\u00e8res images regroupent les quatre \u00e9l\u00e9ments \u00ab ador\u00e9s par les peuples indig\u00e8nes \u00bb : la terre (ou la lune \u00e9galement objet de cultes pa\u00efens), l\u2019air, l\u2019eau et le feu.<\/em><\/span><\/p>\n<p style=\"padding-left: 30px;\"><span style=\"font-family: times new roman, times, serif; font-size: 14pt;\"><em>\u00ab C\u2019est une spiritualit\u00e9 qui a \u00e9t\u00e9 reprise \u00e0 son compte par le mouvement \u00e9cologiste, dont les racines plongent dans la spiritualit\u00e9 indig\u00e8ne et occulte. Ces symboles ne sont qu\u2019un signe de plus de celui qui dirige le spectacle et de ce qu\u2019ils adorent vraiment \u00bb, dit-elle.<\/em><\/span><\/p>\n<p style=\"padding-left: 30px;\"><span style=\"font-family: times new roman, times, serif; font-size: 14pt;\"><em>Parmi les animaux projet\u00e9s, il y en avait qui n\u2019\u00e9taient nullement menac\u00e9s d\u2019extinction. Le lion et le dauphin \u00ab ont aussi une signification occulte en ce qu\u2019ils sont fr\u00e9quemment utilis\u00e9s comme guides spirituels \u00bb. Les abeilles sont tr\u00e8s pr\u00e9sentes dans la \u00ab pens\u00e9e occultiste \u00bb. Tout comme les papillons qui \u00ab signifient le changement, une transformation puissante \u00bb. \u00c0 certains moments ce sont des images de hordes de papillons qui recouvraient la fa\u00e7ade basilique.<\/em><\/span><\/p>\n<p style=\"padding-left: 30px;\"><span style=\"font-family: times new roman, times, serif; font-size: 14pt;\"><em>S\u2019agissait-il de promouvoir le culte de la Terre plut\u00f4t que celui de Dieu ? Il est clair en tout cas que les auteurs du spectacle ont pour objectif affirm\u00e9 de \u00ab modifier la conscience et la pens\u00e9e \u00bb.<\/em><\/span><\/p>\n<p style=\"padding-left: 30px;\"><span style=\"font-family: times new roman, times, serif; font-size: 14pt;\"><em>Pour Cornelia Ferreira, le \u00ab beau spectacle de son et lumi\u00e8re conduit les spectateurs sur un chemin spirituel qui court-circuite la pens\u00e9e rationnelle et le jugement humain normal \u00bb, dit-elle \u2013 c\u2019est exactement l\u2019effet des p\u00e9dagogies globales, pourrait-on ajouter. \u00ab \u00c9videmment tout cela est d\u00e9guis\u00e9 en \u201cchangement climatique\u201d \u00bb \u2013 il faut \u00ab sauver les oc\u00e9ans \u00bb, \u00ab sauver la plan\u00e8te \u00bb, \u00ab sauver les animaux \u00bb : \u00ab c\u2019est ce qui est tellement dangereux : les gens entrent l\u00e0-dedans sans savoir ce qu\u2019ils font \u00bb.<\/em><\/span><\/p>\n<p style=\"padding-left: 30px;\"><span style=\"font-family: times new roman, times, serif; font-size: 14pt;\"><em>Pour Michael Hichborn du Lepanto Institute, qui a lui aussi \u00e9tudi\u00e9 l\u2019occultisme, le spectacle contenait des sc\u00e8nes et des images qui se pr\u00eatent \u00e0 une interpr\u00e9tation occultiste et ce d\u2019autant que la croix chr\u00e9tienne \u00e9tait totalement absente.<\/em><\/span><\/p>\n<p style=\"padding-left: 30px;\"><span style=\"font-family: times new roman, times, serif; font-size: 14pt;\"><em>\u00ab C\u2019est tout le probl\u00e8me : le symbolisme occulte est destin\u00e9 \u00e0 \u00eatre exactement cela \u2013 occulte, cach\u00e9, secret. Ceux qui ont des yeux pour voir comprendront ce qui pavane en pleine vue, mais ceux qui ne croient pas en l\u2019existence de l\u2019occulte se moqueront \u00bb, dit-il.<\/em><\/span><\/p>\n<p style=\"padding-left: 30px;\"><span style=\"font-family: times new roman, times, serif; font-size: 14pt;\"><em>Ainsi ceux qui pratiquent l\u2019occultisme mystique savent parfaitement le sens des symboles et s\u2019ils les utilisent, c\u2019est de mani\u00e8re pleinement d\u00e9lib\u00e9r\u00e9e. Hichborn a vu pour sa part quelques sc\u00e8nes qui se pr\u00eatent \u00e0 une interpr\u00e9tation occulte, notamment celle o\u00f9 l\u2019on voit des moiti\u00e9s de visages humains, focalis\u00e9e sur un seul \u0153il \u2013 \u00ab l\u2019\u0153il d\u2019Horus, le symbole le plus en vue de la franc-ma\u00e7onnerie, des Illuminati et de la magie noire\u00a0<strong>\u00bb. Ces images-l\u00e0 ne correspondent \u00e0 aucun symbolisme chr\u00e9tien<\/strong>.<\/em><\/span><\/p>\n<p style=\"padding-left: 30px;\"><span style=\"font-family: times new roman, times, serif; font-size: 14pt;\"><em>Hichborn note aussi la sc\u00e8ne o\u00f9 l\u2019on voit des colombes blanches qui volent en arri\u00e8re: \u00abNormalement, le Saint-Esprit est repr\u00e9sent\u00e9 par une colombe. Mais dans ce spectacle, nous entendons cr\u00e9piter l\u2019\u00e9lectricit\u00e9 juste avant de voir une colombe qui vole, en reculant vers l\u2019arri\u00e8re. De plus, la lumi\u00e8re monte de bas en haut et ne descend pas depuis le ciel, pour montrer cette colombe voler vers l\u2019arri\u00e8re. \u00bb Il ne craint pas d\u2019ajouter : le d\u00e9mon \u00ab aime singer Dieu \u00bb, mais le fait \u00ab en le copiant \u00e0 l\u2019envers \u00bb \u2013 c\u2019est ainsi que se d\u00e9roule une messe noire.<\/em><\/span><\/p>\n<p style=\"padding-left: 30px;\"><span style=\"font-family: times new roman, times, serif; font-size: 14pt;\"><em>\u00c0 quoi s\u2019ajoutent d\u2019\u00e9tranges formes qui n\u2019ont rien \u00e0 voir avec la nature : des sortes de squelettes stylis\u00e9es en lumi\u00e8re dor\u00e9e, des visages tot\u00e9miques, des yeux qui brillent, et bien des symboles qu\u2019il faudra sans doute d\u00e9crypter eux aussi.<\/em><\/span><\/p>\n<p style=\"padding-left: 30px;\"><span style=\"font-family: times new roman, times, serif; font-size: 14pt;\"><em>Anne Dolhein<\/em><\/span><\/p>\n<p style=\"padding-left: 30px;\"><span style=\"font-family: times new roman, times, serif; font-size: 14pt;\"><strong>Enseignement de l\u2019\u00c9glise<\/strong><\/span><\/p>\n<p style=\"padding-left: 30px;\"><span style=\"font-family: times new roman, times, serif; font-size: 14pt;\">Les enseignements des papes de la deuxi\u00e8me moiti\u00e9 du dix-neuvi\u00e8me si\u00e8cle et de la premi\u00e8re moiti\u00e9 du vingti\u00e8me si\u00e8cle sont vou\u00e9s aux g\u00e9monies. Ils ne sont plus repris que par les courants traditionalistes qui protestent contre Vatican II et ce qui s\u2019en est suivi\u2026 Et pourtant ces enseignements dont certains sont proph\u00e9tiques, font parties int\u00e9grantes de la richesse de l\u2019enseignement de l\u2019\u00c9glise, experte en humanit\u00e9, comme le rappelait le Pape Paul VI.<\/span><\/p>\n<p style=\"padding-left: 30px;\"><span style=\"font-family: times new roman, times, serif; font-size: 14pt;\">Voyons notamment en ce qui concerne la doxa sur Ga\u00efa, qui de fait s\u2019inscrit dans le panth\u00e9isme, la d\u00e9finition que donnait le Pape Pie IX en 1864, dans le Syllabus, enseignement qui d\u00e9non\u00e7ait les erreurs des temps modernes<a name=\"_ftnref11\"><\/a><a href=\"http:\/\/charismata.free.fr\/?p=5816#_ftn11\">[11]<\/a>. Le panth\u00e9isme y est ainsi d\u00e9fini\u00a0: \u00ab\u00a0<em>Il n\u2019existe aucun \u00catre divin, supr\u00eame, parfait dans sa sagesse et dans sa providence, distinct de l\u2019universalit\u00e9 des choses, et Dieu n\u2019est autre que la Nature\u00a0; il est par cons\u00e9quent sujet aux changements\u00a0; par l\u00e0 m\u00eame Dieu se fait dans l\u2019homme et dans le monde, et tout est Dieu et la substance m\u00eame de Dieu\u00a0; Dieu et le monde sont une seule et m\u00eame chose, et, par cons\u00e9quent, aussi l\u2019esprit et la mati\u00e8re, la n\u00e9cessit\u00e9 et la libert\u00e9, le vrai et le faux, le bien et le mal, le juste et l\u2019injuste.\u00a0<\/em>\u00bb N\u2019est-ce pas une d\u00e9finition pr\u00e9cise de l\u2019univers de\u00a0<em>Star Wars<\/em>\u00a0et de la projection de\u00a0<em>Fiat Lux<\/em>\u00a0sur la basilique saint Pierre?<\/span><\/p>\n<p style=\"padding-left: 30px;\"><span style=\"font-family: times new roman, times, serif; font-size: 14pt;\">Depuis Vatican II, les textes officiels de l\u2019\u00c9glise ont syst\u00e9matiquement \u00e9vit\u00e9 de d\u00e9noncer ou de condamner des id\u00e9es ou des pratiques qu\u2019elle consid\u00e9rait jusque-l\u00e0 comme h\u00e9r\u00e9tiques. L\u2019\u00c9glise, \u00e0 travers sa hi\u00e9rarchie, se voulant d\u00e9sormais plus pastorale que dogmatique, plus \u00ab dialoguale \u00bb qu\u2019enseignante. Il existe cependant dans le domaine qui nous int\u00e9resse ici, quelques exceptions comme le document\u00a0<strong>J\u00e9sus-Christ le Porteur d\u2019eau vive,<\/strong>\u00a0remarquable mise en garde concernant la mouvance du Nouvel Age, dont les id\u00e9es continuent d\u2019imbiber les croyances et les pratiques contemporaines.<\/span><\/p>\n<p style=\"padding-left: 30px;\"><span style=\"font-family: times new roman, times, serif; font-size: 14pt;\">Il aurait \u00e9t\u00e9 souhaitable que le Pape Fran\u00e7ois reprenne cette pertinente et lucide analyse dans sa derni\u00e8re encyclique\u00a0<em>Laudato si<\/em>\u00a0et ne permette pas ce spectacle en opposition \u00e0 la Foi de l\u2019\u00c9glise sur la fa\u00e7ade de la basilique saint Pierre. Voici notamment la conclusion d\u2019une actualit\u00e9 et d\u2019une v\u00e9rit\u00e9 saisissante du deuxi\u00e8me chapitre, \u00ab\u00a0<em>la spiritualit\u00e9 Nouvel \u00c2ge: aper\u00e7u g\u00e9n\u00e9ral\u2026\u00a0:<\/em>\u00a0<em>Il suffit de souligner que le Nouvel Age partage avec un certain nombre de groupes influents au plan international l\u2019objectif de supplanter ou de d\u00e9passer les religions particuli\u00e8res pour faire place \u00e0 une religion universelle capable d\u2019unifier l\u2019humanit\u00e9. Dans cette m\u00eame perspective, il faut signaler l\u2019effort tr\u00e8s concert\u00e9, de la part de certaines institutions, pour formuler une \u00e9thique globale, un cadre \u00e9thique qui refl\u00e9terait la nature globale de la culture de l\u2019\u00e9conomie et de la politique contemporaines. Par ailleurs, la politisation des questions \u00e9conomiques donne incontestablement une colorisation particuli\u00e8re \u00e0 l\u2019hypoth\u00e8se Ga\u00efa, ou culte de la Terre M\u00e8re.<\/em>\u00a0<a name=\"_ftnref12\"><\/a><a href=\"http:\/\/charismata.free.fr\/?p=5816#_ftn12\">[12]<\/a>\u00bb<\/span><\/p>\n<p style=\"padding-left: 30px;\"><span style=\"font-family: times new roman, times, serif; font-size: 14pt;\">Bertran Chaudet diacre<\/span><\/p>\n<p style=\"padding-left: 30px;\"><span style=\"font-family: times new roman, times, serif; font-size: 14pt;\"><a name=\"_ftn1\"><\/a><a href=\"http:\/\/charismata.free.fr\/?p=5816#_ftnref1\">[1]<\/a>\u00a0Marilyn Ferguson,\u00a0<em>Les enfants du verseau. Pour un nouveau paradigme<\/em>, Calman-L\u00e9vy, 1981, p.286.<\/span><\/p>\n<p style=\"padding-left: 30px;\"><span style=\"font-family: times new roman, times, serif; font-size: 14pt;\"><a name=\"_ftn2\"><\/a><a href=\"http:\/\/charismata.free.fr\/?p=5816#_ftnref2\">[2]<\/a>\u00a0Emerson, Discours devant la Facult\u00e9 de th\u00e9ologie de Harvard, extrait de son journal intime.<\/span><\/p>\n<p style=\"padding-left: 30px;\"><span style=\"font-family: times new roman, times, serif; font-size: 14pt;\"><a name=\"_ftn3\"><\/a><a href=\"http:\/\/charismata.free.fr\/?p=5816#_ftnref3\">[3]<\/a>\u00a0Voir notre article sur la M\u00e9ditation de pleine conscience, sur PNCDS 72.<\/span><\/p>\n<p style=\"padding-left: 30px;\"><span style=\"font-family: times new roman, times, serif; font-size: 14pt;\"><a href=\"http:\/\/pncds72.free.fr\/2104_formation_14-15\/2104_141015_meditation_pleine_conscience\/2104_141015_meditation_pleine_conscience.pdf\"><span style=\"font-size: 12pt;\">http:\/\/pncds72.free.fr\/2104_formation_14-15\/2104_141015_meditation_pleine_conscience\/2104_141015_meditation_pleine_conscience.pdf<\/span><\/a><\/span><\/p>\n<p style=\"padding-left: 30px;\"><span style=\"font-family: times new roman, times, serif; font-size: 14pt;\"><a name=\"_ftn4\"><\/a><a href=\"http:\/\/charismata.free.fr\/?p=5816#_ftnref4\">[4]<\/a>\u00a0D. Spangler, cit\u00e9 par N. Geisler,\u00a0<em>le Nouvel Age ou l\u2019Ere du Verseau<\/em>, FAC R\u00e9flexion n\u00b011, janvier 1989. P.\u00a033<\/span><\/p>\n<p style=\"padding-left: 30px;\"><span style=\"font-family: times new roman, times, serif; font-size: 14pt;\"><a name=\"_ftn5\"><\/a><a href=\"http:\/\/charismata.free.fr\/?p=5816#_ftnref5\">[5]<\/a>\u00a0B.Woestelandt,\u00a0<em>De l\u2019homme-Cancer \u00e0 l\u2019homme-Dieu<\/em>, Dervy-livres, 1986, p. 101.<\/span><\/p>\n<p style=\"padding-left: 30px;\"><span style=\"font-family: times new roman, times, serif; font-size: 14pt;\"><a name=\"_ftn6\"><\/a><a href=\"http:\/\/charismata.free.fr\/?p=5816#_ftnref6\">[6]<\/a>\u00a0David Spangler,\u00a0<em>Emergences. Quand grandissent les enfants du verseau<\/em>, Le Souffle d\u2019or. 1985\u00a0; p.47-48<\/span><\/p>\n<p style=\"padding-left: 30px;\"><span style=\"font-family: times new roman, times, serif; font-size: 14pt;\"><a name=\"_ftn7\"><\/a><a href=\"http:\/\/charismata.free.fr\/?p=5816#_ftnref7\">[7]<\/a>\u00a0Conseil pontifical de la culture conseil pontifical pour le dialogue interreligieux,\u00a0<em>J\u00e9sus-Christ le Porteur d\u2019Eau vive,<\/em>\u00a0une r\u00e9flexion sur le \u00ab\u00a0Nouvel Age\u00a0\u00bb. Pierre T\u00e9qui \u00e9diteur 2003. p. 52.<\/span><\/p>\n<p style=\"padding-left: 30px;\"><span style=\"font-family: times new roman, times, serif; font-size: 12pt;\"><a name=\"_ftn8\"><\/a><a href=\"http:\/\/charismata.free.fr\/?p=5816#_ftnref8\">[8]<\/a>\u00a0<a href=\"http:\/\/pncds72.free.fr\/2103_formation_13-14\/2103_140205_gender_mariage_homosexuel\/2103_140205_gender_mariage_homosexuel.pdf\">http:\/\/pncds72.free.fr\/2103_formation_13-14\/2103_140205_gender_mariage_homosexuel\/2103_140205_gender_mariage_homosexuel.pdf<\/a><\/span><\/p>\n<p style=\"padding-left: 30px;\"><span style=\"font-family: times new roman, times, serif; font-size: 12pt;\"><a name=\"_ftn9\"><\/a><a href=\"http:\/\/charismata.free.fr\/?p=5816#_ftnref9\">[9]<\/a>\u00a0<a href=\"http:\/\/reinformation.tv\/fiat-lux-saint-pierre-rome-new-age-occultisme-dolhein-48150-2\/\">http:\/\/reinformation.tv\/fiat-lux-saint-pierre-rome-new-age-occultisme-dolhein-48150-2\/<\/a><\/span><\/p>\n<p style=\"padding-left: 30px;\"><span style=\"font-family: times new roman, times, serif; font-size: 12pt;\"><a name=\"_ftn10\"><\/a><a href=\"http:\/\/charismata.free.fr\/?p=5816#_ftnref10\">[10]<\/a><a href=\"http:\/\/pncds72.free.fr\/1100_culture_nouvelage\/1100_3_grof_psychologie_transpersonnelle.pdf\">http:\/\/pncds72.free.fr\/1100_culture_nouvelage\/1100_3_grof_psychologie_transpersonnelle.pdf<\/a><\/span><\/p>\n<p style=\"padding-left: 30px;\"><span style=\"font-family: times new roman, times, serif; font-size: 14pt;\"><span style=\"font-size: 12pt;\"><a name=\"_ftn11\"><\/a><a href=\"http:\/\/charismata.free.fr\/?p=5816#_ftnref11\">[11]<\/a>\u00a0<\/span><a href=\"https:\/\/fr.wikipedia.org\/wiki\/Syllabus_de_Pie_IX\"><span style=\"font-size: 12pt;\">https:\/\/fr.wikipedia.org\/wiki\/Syllabus_de_Pie_IX<\/span><\/a><\/span><\/p>\n<p style=\"padding-left: 30px;\"><span style=\"font-family: times new roman, times, serif; font-size: 14pt;\"><a name=\"_ftn12\"><\/a><a href=\"http:\/\/charismata.free.fr\/?p=5816#_ftnref12\">[12]<\/a>\u00a0Conseil pontifical de la culture conseil pontifical pour le dialogue interreligieux,\u00a0<em>J\u00e9sus-Christ le Porteur d\u2019Eau vive,<\/em>\u00a0une r\u00e9flexion sur le \u00ab Nouvel Age \u00bb. Pierre T\u00e9qui \u00e9diteur 2003. p. 63-64.<\/span><\/p>\n<blockquote class=\"wp-embedded-content\" data-secret=\"GKoHTpS4vv\"><p><a href=\"http:\/\/charismata.free.fr\/?p=5816\">Ga\u00efa, la terre-m\u00e8re<\/a><\/p><\/blockquote>\n<p><iframe loading=\"lazy\" class=\"wp-embedded-content\" sandbox=\"allow-scripts\" security=\"restricted\" style=\"position: absolute; clip: rect(1px, 1px, 1px, 1px);\" title=\"\u00ab\u00a0Ga\u00efa, la terre-m\u00e8re\u00a0\u00bb &#8212; CHARISMATA\" src=\"http:\/\/charismata.free.fr\/?p=5816&#038;embed=true#?secret=I6Eq9Rr6D4#?secret=GKoHTpS4vv\" data-secret=\"GKoHTpS4vv\" width=\"580\" height=\"327\" frameborder=\"0\" marginwidth=\"0\" marginheight=\"0\" scrolling=\"no\"><\/iframe><\/p>\n","protected":false},"excerpt":{"rendered":"<p>\u00a0 Une conf\u00e9rence de Bertran Chaudet\u00a0pour le cycle de formation Pastorale Nouvelles Croyances et D\u00e9rives Sectaires 72.\u00a0Voir la page de Bertran Chaudet http:\/\/charismata.free.fr\/?page_id=5237 \u00a0Voir le site de la Pastorale http:\/\/pncds72.free.fr Dans la mythologie grecque, Ga\u00efa, ou G\u00ea \u00abTerre \u00bb, est une d\u00e9esse primordiale identifi\u00e9e \u00e0 la D\u00e9esse m\u00e8re ou Terre-M\u00e8re, la terra mater des Romains. <span class=\"ellipsis\">&hellip;<\/span> <span class=\"more-link-wrap\"><a href=\"http:\/\/WWW.derivesdansleglisecatholique.fr\/?p=6326\" class=\"more-link\"><span>Read More &rarr;<\/span><\/a><\/span><\/p>\n","protected":false},"author":2,"featured_media":0,"comment_status":"closed","ping_status":"closed","sticky":false,"template":"","format":"standard","meta":{"footnotes":""},"categories":[1],"tags":[],"class_list":["post-6326","post","type-post","status-publish","format-standard","hentry","category-non-classe"],"yoast_head":"<!-- This site is optimized with the Yoast SEO plugin v27.4 - https:\/\/yoast.com\/product\/yoast-seo-wordpress\/ -->\n<title>Ga\u00efa, la terre-m\u00e8re - D\u00e9rives dans l&#039;eglise catholique<\/title>\n<meta name=\"robots\" content=\"index, follow, max-snippet:-1, max-image-preview:large, max-video-preview:-1\" \/>\n<link rel=\"canonical\" href=\"https:\/\/WWW.derivesdansleglisecatholique.fr\/?p=6326\" \/>\n<meta property=\"og:locale\" content=\"fr_FR\" \/>\n<meta property=\"og:type\" content=\"article\" \/>\n<meta property=\"og:title\" content=\"Ga\u00efa, la terre-m\u00e8re - D\u00e9rives dans l&#039;eglise catholique\" \/>\n<meta property=\"og:description\" content=\"\u00a0 Une conf\u00e9rence de Bertran Chaudet\u00a0pour le cycle de formation Pastorale Nouvelles Croyances et D\u00e9rives Sectaires 72.\u00a0Voir la page de Bertran Chaudet http:\/\/charismata.free.fr\/?page_id=5237 \u00a0Voir le site de la Pastorale http:\/\/pncds72.free.fr Dans la mythologie grecque, Ga\u00efa, ou G\u00ea \u00abTerre \u00bb, est une d\u00e9esse primordiale identifi\u00e9e \u00e0 la D\u00e9esse m\u00e8re ou Terre-M\u00e8re, la terra mater des Romains. &hellip; Read More &rarr;\" \/>\n<meta property=\"og:url\" content=\"https:\/\/WWW.derivesdansleglisecatholique.fr\/?p=6326\" \/>\n<meta property=\"og:site_name\" content=\"D\u00e9rives dans l&#039;eglise catholique\" \/>\n<meta property=\"article:published_time\" content=\"2018-11-24T21:22:10+00:00\" \/>\n<meta property=\"article:modified_time\" content=\"2018-11-24T21:24:37+00:00\" \/>\n<meta name=\"author\" content=\"ZWY\" \/>\n<meta name=\"twitter:label1\" content=\"\u00c9crit par\" \/>\n\t<meta name=\"twitter:data1\" content=\"ZWY\" \/>\n\t<meta name=\"twitter:label2\" content=\"Dur\u00e9e de lecture estim\u00e9e\" \/>\n\t<meta name=\"twitter:data2\" content=\"25 minutes\" \/>\n<script type=\"application\/ld+json\" class=\"yoast-schema-graph\">{\"@context\":\"https:\\\/\\\/schema.org\",\"@graph\":[{\"@type\":\"Article\",\"@id\":\"https:\\\/\\\/WWW.derivesdansleglisecatholique.fr\\\/?p=6326#article\",\"isPartOf\":{\"@id\":\"https:\\\/\\\/WWW.derivesdansleglisecatholique.fr\\\/?p=6326\"},\"author\":{\"name\":\"ZWY\",\"@id\":\"https:\\\/\\\/WWW.derivesdansleglisecatholique.fr\\\/#\\\/schema\\\/person\\\/00e384b3d6f532a9ea54aafa9d4bde0e\"},\"headline\":\"Ga\u00efa, la terre-m\u00e8re\",\"datePublished\":\"2018-11-24T21:22:10+00:00\",\"dateModified\":\"2018-11-24T21:24:37+00:00\",\"mainEntityOfPage\":{\"@id\":\"https:\\\/\\\/WWW.derivesdansleglisecatholique.fr\\\/?p=6326\"},\"wordCount\":5076,\"inLanguage\":\"fr-FR\"},{\"@type\":\"WebPage\",\"@id\":\"https:\\\/\\\/WWW.derivesdansleglisecatholique.fr\\\/?p=6326\",\"url\":\"https:\\\/\\\/WWW.derivesdansleglisecatholique.fr\\\/?p=6326\",\"name\":\"Ga\u00efa, la terre-m\u00e8re - D\u00e9rives dans l&#039;eglise catholique\",\"isPartOf\":{\"@id\":\"https:\\\/\\\/WWW.derivesdansleglisecatholique.fr\\\/#website\"},\"datePublished\":\"2018-11-24T21:22:10+00:00\",\"dateModified\":\"2018-11-24T21:24:37+00:00\",\"author\":{\"@id\":\"https:\\\/\\\/WWW.derivesdansleglisecatholique.fr\\\/#\\\/schema\\\/person\\\/00e384b3d6f532a9ea54aafa9d4bde0e\"},\"breadcrumb\":{\"@id\":\"https:\\\/\\\/WWW.derivesdansleglisecatholique.fr\\\/?p=6326#breadcrumb\"},\"inLanguage\":\"fr-FR\",\"potentialAction\":[{\"@type\":\"ReadAction\",\"target\":[\"https:\\\/\\\/WWW.derivesdansleglisecatholique.fr\\\/?p=6326\"]}]},{\"@type\":\"BreadcrumbList\",\"@id\":\"https:\\\/\\\/WWW.derivesdansleglisecatholique.fr\\\/?p=6326#breadcrumb\",\"itemListElement\":[{\"@type\":\"ListItem\",\"position\":1,\"name\":\"Accueil\",\"item\":\"https:\\\/\\\/WWW.derivesdansleglisecatholique.fr\\\/\"},{\"@type\":\"ListItem\",\"position\":2,\"name\":\"Ga\u00efa, la terre-m\u00e8re\"}]},{\"@type\":\"WebSite\",\"@id\":\"https:\\\/\\\/WWW.derivesdansleglisecatholique.fr\\\/#website\",\"url\":\"https:\\\/\\\/WWW.derivesdansleglisecatholique.fr\\\/\",\"name\":\"D\u00e9rives dans l&#039;eglise catholique\",\"description\":\"Justice et V\u00e9rit\u00e9 pour les familles\",\"potentialAction\":[{\"@type\":\"SearchAction\",\"target\":{\"@type\":\"EntryPoint\",\"urlTemplate\":\"https:\\\/\\\/WWW.derivesdansleglisecatholique.fr\\\/?s={search_term_string}\"},\"query-input\":{\"@type\":\"PropertyValueSpecification\",\"valueRequired\":true,\"valueName\":\"search_term_string\"}}],\"inLanguage\":\"fr-FR\"},{\"@type\":\"Person\",\"@id\":\"https:\\\/\\\/WWW.derivesdansleglisecatholique.fr\\\/#\\\/schema\\\/person\\\/00e384b3d6f532a9ea54aafa9d4bde0e\",\"name\":\"ZWY\",\"image\":{\"@type\":\"ImageObject\",\"inLanguage\":\"fr-FR\",\"@id\":\"https:\\\/\\\/secure.gravatar.com\\\/avatar\\\/b006fa882f3bf76e29e0c251c50ab4f53802f3986c1177a964b472dcbe6fa985?s=96&r=g\",\"url\":\"https:\\\/\\\/secure.gravatar.com\\\/avatar\\\/b006fa882f3bf76e29e0c251c50ab4f53802f3986c1177a964b472dcbe6fa985?s=96&r=g\",\"contentUrl\":\"https:\\\/\\\/secure.gravatar.com\\\/avatar\\\/b006fa882f3bf76e29e0c251c50ab4f53802f3986c1177a964b472dcbe6fa985?s=96&r=g\",\"caption\":\"ZWY\"},\"url\":\"http:\\\/\\\/WWW.derivesdansleglisecatholique.fr\\\/?author=2\"}]}<\/script>\n<!-- \/ Yoast SEO plugin. -->","yoast_head_json":{"title":"Ga\u00efa, la terre-m\u00e8re - D\u00e9rives dans l&#039;eglise catholique","robots":{"index":"index","follow":"follow","max-snippet":"max-snippet:-1","max-image-preview":"max-image-preview:large","max-video-preview":"max-video-preview:-1"},"canonical":"https:\/\/WWW.derivesdansleglisecatholique.fr\/?p=6326","og_locale":"fr_FR","og_type":"article","og_title":"Ga\u00efa, la terre-m\u00e8re - D\u00e9rives dans l&#039;eglise catholique","og_description":"\u00a0 Une conf\u00e9rence de Bertran Chaudet\u00a0pour le cycle de formation Pastorale Nouvelles Croyances et D\u00e9rives Sectaires 72.\u00a0Voir la page de Bertran Chaudet http:\/\/charismata.free.fr\/?page_id=5237 \u00a0Voir le site de la Pastorale http:\/\/pncds72.free.fr Dans la mythologie grecque, Ga\u00efa, ou G\u00ea \u00abTerre \u00bb, est une d\u00e9esse primordiale identifi\u00e9e \u00e0 la D\u00e9esse m\u00e8re ou Terre-M\u00e8re, la terra mater des Romains. &hellip; Read More &rarr;","og_url":"https:\/\/WWW.derivesdansleglisecatholique.fr\/?p=6326","og_site_name":"D\u00e9rives dans l&#039;eglise catholique","article_published_time":"2018-11-24T21:22:10+00:00","article_modified_time":"2018-11-24T21:24:37+00:00","author":"ZWY","twitter_misc":{"\u00c9crit par":"ZWY","Dur\u00e9e de lecture estim\u00e9e":"25 minutes"},"schema":{"@context":"https:\/\/schema.org","@graph":[{"@type":"Article","@id":"https:\/\/WWW.derivesdansleglisecatholique.fr\/?p=6326#article","isPartOf":{"@id":"https:\/\/WWW.derivesdansleglisecatholique.fr\/?p=6326"},"author":{"name":"ZWY","@id":"https:\/\/WWW.derivesdansleglisecatholique.fr\/#\/schema\/person\/00e384b3d6f532a9ea54aafa9d4bde0e"},"headline":"Ga\u00efa, la terre-m\u00e8re","datePublished":"2018-11-24T21:22:10+00:00","dateModified":"2018-11-24T21:24:37+00:00","mainEntityOfPage":{"@id":"https:\/\/WWW.derivesdansleglisecatholique.fr\/?p=6326"},"wordCount":5076,"inLanguage":"fr-FR"},{"@type":"WebPage","@id":"https:\/\/WWW.derivesdansleglisecatholique.fr\/?p=6326","url":"https:\/\/WWW.derivesdansleglisecatholique.fr\/?p=6326","name":"Ga\u00efa, la terre-m\u00e8re - D\u00e9rives dans l&#039;eglise catholique","isPartOf":{"@id":"https:\/\/WWW.derivesdansleglisecatholique.fr\/#website"},"datePublished":"2018-11-24T21:22:10+00:00","dateModified":"2018-11-24T21:24:37+00:00","author":{"@id":"https:\/\/WWW.derivesdansleglisecatholique.fr\/#\/schema\/person\/00e384b3d6f532a9ea54aafa9d4bde0e"},"breadcrumb":{"@id":"https:\/\/WWW.derivesdansleglisecatholique.fr\/?p=6326#breadcrumb"},"inLanguage":"fr-FR","potentialAction":[{"@type":"ReadAction","target":["https:\/\/WWW.derivesdansleglisecatholique.fr\/?p=6326"]}]},{"@type":"BreadcrumbList","@id":"https:\/\/WWW.derivesdansleglisecatholique.fr\/?p=6326#breadcrumb","itemListElement":[{"@type":"ListItem","position":1,"name":"Accueil","item":"https:\/\/WWW.derivesdansleglisecatholique.fr\/"},{"@type":"ListItem","position":2,"name":"Ga\u00efa, la terre-m\u00e8re"}]},{"@type":"WebSite","@id":"https:\/\/WWW.derivesdansleglisecatholique.fr\/#website","url":"https:\/\/WWW.derivesdansleglisecatholique.fr\/","name":"D\u00e9rives dans l&#039;eglise catholique","description":"Justice et V\u00e9rit\u00e9 pour les familles","potentialAction":[{"@type":"SearchAction","target":{"@type":"EntryPoint","urlTemplate":"https:\/\/WWW.derivesdansleglisecatholique.fr\/?s={search_term_string}"},"query-input":{"@type":"PropertyValueSpecification","valueRequired":true,"valueName":"search_term_string"}}],"inLanguage":"fr-FR"},{"@type":"Person","@id":"https:\/\/WWW.derivesdansleglisecatholique.fr\/#\/schema\/person\/00e384b3d6f532a9ea54aafa9d4bde0e","name":"ZWY","image":{"@type":"ImageObject","inLanguage":"fr-FR","@id":"https:\/\/secure.gravatar.com\/avatar\/b006fa882f3bf76e29e0c251c50ab4f53802f3986c1177a964b472dcbe6fa985?s=96&r=g","url":"https:\/\/secure.gravatar.com\/avatar\/b006fa882f3bf76e29e0c251c50ab4f53802f3986c1177a964b472dcbe6fa985?s=96&r=g","contentUrl":"https:\/\/secure.gravatar.com\/avatar\/b006fa882f3bf76e29e0c251c50ab4f53802f3986c1177a964b472dcbe6fa985?s=96&r=g","caption":"ZWY"},"url":"http:\/\/WWW.derivesdansleglisecatholique.fr\/?author=2"}]}},"_links":{"self":[{"href":"http:\/\/WWW.derivesdansleglisecatholique.fr\/index.php?rest_route=\/wp\/v2\/posts\/6326","targetHints":{"allow":["GET"]}}],"collection":[{"href":"http:\/\/WWW.derivesdansleglisecatholique.fr\/index.php?rest_route=\/wp\/v2\/posts"}],"about":[{"href":"http:\/\/WWW.derivesdansleglisecatholique.fr\/index.php?rest_route=\/wp\/v2\/types\/post"}],"author":[{"embeddable":true,"href":"http:\/\/WWW.derivesdansleglisecatholique.fr\/index.php?rest_route=\/wp\/v2\/users\/2"}],"replies":[{"embeddable":true,"href":"http:\/\/WWW.derivesdansleglisecatholique.fr\/index.php?rest_route=%2Fwp%2Fv2%2Fcomments&post=6326"}],"version-history":[{"count":4,"href":"http:\/\/WWW.derivesdansleglisecatholique.fr\/index.php?rest_route=\/wp\/v2\/posts\/6326\/revisions"}],"predecessor-version":[{"id":6331,"href":"http:\/\/WWW.derivesdansleglisecatholique.fr\/index.php?rest_route=\/wp\/v2\/posts\/6326\/revisions\/6331"}],"wp:attachment":[{"href":"http:\/\/WWW.derivesdansleglisecatholique.fr\/index.php?rest_route=%2Fwp%2Fv2%2Fmedia&parent=6326"}],"wp:term":[{"taxonomy":"category","embeddable":true,"href":"http:\/\/WWW.derivesdansleglisecatholique.fr\/index.php?rest_route=%2Fwp%2Fv2%2Fcategories&post=6326"},{"taxonomy":"post_tag","embeddable":true,"href":"http:\/\/WWW.derivesdansleglisecatholique.fr\/index.php?rest_route=%2Fwp%2Fv2%2Ftags&post=6326"}],"curies":[{"name":"wp","href":"https:\/\/api.w.org\/{rel}","templated":true}]}}