{"id":6621,"date":"2022-11-21T14:39:58","date_gmt":"2022-11-21T13:39:58","guid":{"rendered":"http:\/\/WWW.derivesdansleglisecatholique.fr\/?p=6621"},"modified":"2022-11-21T14:39:58","modified_gmt":"2022-11-21T13:39:58","slug":"un-combat-de-tous-les-jours-depuis-20-ans","status":"publish","type":"post","link":"http:\/\/WWW.derivesdansleglisecatholique.fr\/?p=6621","title":{"rendered":"Un combat de tous les jours depuis 20 ans"},"content":{"rendered":"<p style=\"padding-left: 40px;\"><a href=\"https:\/\/sosdiscernement.org\">https:\/\/sosdiscernement.org<\/a><\/p>\n<p style=\"padding-left: 40px;\"><span style=\"font-size: 20pt;\"><a href=\"https:\/\/sosdiscernement.org\/le-psychospirituel-un-combat-de-tous-les-jours-depuis-20-ans\/\"><strong>Le psychospirituel: un combat de tous les jours depuis 20 ans<\/strong><\/a><\/span><\/p>\n<p>&nbsp;<\/p>\n<p style=\"padding-left: 40px;\"><strong><em>T\u00e9moignage, par J. D<\/em><\/strong>., collectif-CCMM.<\/p>\n<p style=\"padding-left: 40px;\">\u00a0Nous sommes des parents, catholiques engag\u00e9s, dont les enfants, jeunes \u00e9tudiants, ont \u00e9t\u00e9 embarqu\u00e9s \u00e0 l\u2019aum\u00f4nerie, sous couvert de retraites spirituelles, dans des sessions charismatiques dites psychospirituelles o\u00f9 l\u2019on a \u00ab\u00a0revisit\u00e9 leur histoire\u00a0\u00bb.<\/p>\n<p style=\"padding-left: 40px;\">Ils en sont revenus ferm\u00e9s, agressifs, et refusant de r\u00e9pondre \u00e0 nos \u00ab\u00a0pourquoi un tel comportement\u00a0\u00bb\u00a0?\u00a0Nous avions face \u00e0 nous, des \u00e9trangers m\u00e9prisants, hostiles. C\u2019\u00e9tait extr\u00eamement violent, incompr\u00e9hensible, d\u00e9stabilisant\u2026<\/p>\n<p style=\"padding-left: 40px;\">Mon mari et moi, avons compris \u00e0 l\u2019arrogance et la violence des responsables contact\u00e9s, qu\u2019une machine \u00e0 d\u00e9truire \u00e9tait programm\u00e9e\u2026 Restait \u00e0 comprendre pourquoi et comment\u2026<\/p>\n<p style=\"padding-left: 40px;\">Nos recherches nous font entrer dans un autre monde\u2026.<\/p>\n<p style=\"padding-left: 40px;\"><span style=\"color: #0000ff;\"><strong>TOUT D\u2019ABORD, NOUS COMMEN\u00c7ONS DANS LES M\u00c9ANDRES D\u2019UN LIVRE AU TITRE PROMETTEUR\u00a0<em>\u00ab\u00a0GU\u00c9RIR EN FAMILLE\u00a0\u00bb<\/em>\u00a0\u00c9CRIT PAR BERNARD DUBOIS, TH\u00c9ORICIEN DE LA DOCTRINE PSEUDO-CATHO DE \u00ab\u00a0BLESSURES GU\u00c9RISON\u00a0\u00bb CONFUSES, QUI M\u00c8NENT DE LA BANALIT\u00c9 AU DRAME\u00a0:<\/strong><\/span><\/p>\n<p style=\"padding-left: 40px;\">Un exemple\u00a0: Bernard Dubois a \u00e9crit d\u00e8s la\u00a0<span style=\"color: #0000ff;\"><strong>page\u00a05: je cite<\/strong>\u00a0\u00ab\u00a0\u00a0<strong><em>(\u2026) b\u00e9b\u00e9 dort. (\u2026) A son r\u00e9veil, il appelle, puis pleure et personne ne vient. Il fait alors douloureusement l\u2019exp\u00e9rience du silence face \u00e0 son cri d\u2019appel, de l\u2019absence de l\u2019amour en face de son d\u00e9sir. Puisque la relation d\u2019amour \u00e0 sa source \u2013 c\u2019est-\u00e0-dire papa et maman, pr\u00e9figuration du visage de Dieu- ne le comble pas, il coupe cette relation o\u00f9 il ne re\u00e7oit pas l\u2019amour qu\u2019il attend \u2026\u00a0\u00bb<\/em><\/strong><\/span><\/p>\n<p style=\"padding-left: 40px;\"><span style=\"color: #0000ff;\"><strong><em>\u00abCar papa et maman sont la source de l\u2019amour pour le petit enfant, mais derri\u00e8re leur sourire et leur affection, il recherche et attend la pr\u00e9sence divine, l\u2019amour m\u00eame de Dieu.<\/em><\/strong><\/span><\/p>\n<p style=\"padding-left: 40px;\"><span style=\"color: #0000ff;\"><strong><em>(\u2026)\u00a0L\u2019enfant manque de cet essentiel dont il a tant besoin, l\u2019amour divin<\/em><\/strong>\u00a0\u00bb.<\/span><\/p>\n<p style=\"padding-left: 40px;\"><span style=\"color: #0000ff;\"><strong>En page 14, je cite<\/strong>\u00a0<strong><em>\u00ab\u00a0parce que j\u2019ai manqu\u00e9 de l\u2019amour de mes parents d\u00e8s la petite enfance, je l\u2019ai v\u00e9cu comme une trahison et je me suis ferm\u00e9. J\u2019ai cri\u00e9, maman n\u2019est pas venue tout de suite<\/em><\/strong>\u00a0<strong><em>; j\u2019ai demand\u00e9 de l\u2019aide \u00e0 papa et il n\u2019a pas r\u00e9pondu \u00e0 mon appel. J\u2019ai \u00e9t\u00e9 trahi par ceux-l\u00e0 m\u00eame qui me donnaient la vie et maintenant dans ma blessure, je ne fais plus <span style=\"color: #0000ff;\">confiance. Je perds aussi confiance \u00e0 la vie et en Dieu<\/span><\/em><\/strong><\/span><\/p>\n<p style=\"padding-left: 40px;\"><span style=\"color: #0000ff;\"><strong>Et voici la finalit\u00e9 de ce discours\u00a0<\/strong>\u00a0:<\/span><\/p>\n<p style=\"padding-left: 40px;\"><span style=\"color: #0000ff;\"><strong>En page 14<\/strong>\u00a0<strong>:\u00a0<em>\u00ab\u00a0Le chemin de la gu\u00e9rison demande la vie enti\u00e8re. (\u2026) Oui, je m\u2019engage dans une d\u00e9marche de pardon\u00a0mais je ne peux gu\u00e8re affirmer (\u2026) que j\u2019ai pardonn\u00e9, ce serait une illusion. Non, notre but est simplement de mourir gu\u00e9ri, afin d\u2019aller au ciel directement.\u00a0\u00bb<\/em>Fin de citation<\/strong><\/span><\/p>\n<p style=\"padding-left: 40px;\">Cet exemple d\u00e9montre comment \u00e0 partir d\u2019un fait banal, r\u00e9interpr\u00e9t\u00e9 dramatiquement, graduellement on emm\u00e8ne une personne \u00e0 douter de ses parents, jusqu\u2019\u00e0 rompre les liens avec eux. Pour la faire basculer dans le chemin psycho-spirituel d\u2019un dieu gu\u00e9risseur.<\/p>\n<p style=\"padding-left: 40px;\"><span style=\"color: #0000ff;\"><strong>EN CONTINUANT NOS RECHERCHES,\u00a0NOUS D\u00c9COUVRONS COMMENT NOS ENFANTS ONT \u00c9T\u00c9 R\u00c9DUITS \u00c0 DES \u00ab\u00a0SANS FAMILLE\u00a0\u00bb POUR EN FAIRE DES ADEPTES<\/strong><\/span><\/p>\n<p style=\"padding-left: 40px;\">En effet, dans 3 revues CARMEL, N\u00b0 75, 78 et 103, sur la gu\u00e9rison int\u00e9rieure, Bernard Dubois d\u00e9veloppe le processus de cette dite gu\u00e9rison, qui n\u2019est rien d\u2019autre que le processus de faux souvenirs induits. Des techniques qui grillent la m\u00e9moire et implantent un autre v\u00e9cu. Une synth\u00e8se de l\u2019analyse que j\u2019en ai faite est publi\u00e9e \u2026Jusqu\u2019ici, personne n\u2019est venu me contredire\u2026<\/p>\n<p style=\"padding-left: 40px;\"><span style=\"color: #0000ff;\"><strong>Quelques recherches et analyses de plus me permettent de trouver le fondement faussement \u00ab\u00a0th\u00e9ologique\u00a0\u00bb alambiqu\u00e9 de cette religiosit\u00e9,<\/strong>\u00a0<strong>o\u00f9<\/strong><\/span><\/p>\n<p style=\"padding-left: 40px;\"><em>le p\u00e9ch\u00e9 n\u2019est plus un acte commis librement et volontairement, mais un manque d\u2019amour subi dont on n\u2019a pas conscience et dont on doit se lib\u00e9rer. De la sorte le p\u00e9ch\u00e9 devient une blessure dont on incombe la responsabilit\u00e9 au bouc \u00e9missaire.<\/em><\/p>\n<p style=\"padding-left: 40px;\">Donc, <span style=\"color: #0000ff;\">p<strong>our gu\u00e9rir, il faut couper les liens avec le ou les boucs \u00e9missaires<\/strong><\/span><strong>,\u00a0<\/strong>auxquels la personne va faire subir des actes inhumains sans aucune culpabilit\u00e9, puisque d\u2019une part, ils sont n\u00e9cessaires \u00e0 la \u00ab\u00a0gu\u00e9rison\u00a0\u00bb, d\u2019autre part la culpabilit\u00e9 est rejet\u00e9e sur les proches qui, dans ce sch\u00e9ma, sont r\u00e9v\u00e9l\u00e9s mal\u00e9fiques et donc ne font que subir la juste punition de leur faute.<\/p>\n<p style=\"padding-left: 40px;\">Dans ce tour de passe-passe, la culpabilit\u00e9 et la responsabilit\u00e9 ont sombr\u00e9. Une personne qui n\u2019est ni coupable ni responsable de ses actes, n\u2019est pas libre. <span style=\"color: #0000ff;\">Donc\u00a0<strong>sa libert\u00e9 a \u00e9t\u00e9 remise au gourou qui l\u2019instrumentalise contre ses proches.<\/strong><\/span><\/p>\n<p style=\"padding-left: 40px;\"><span style=\"color: #0000ff;\"><strong>Nous tenons enfin ce processus de destruction\u2026<\/strong><\/span><\/p>\n<p style=\"padding-left: 40px;\"><span style=\"color: #0000ff;\"><strong>NOS ENFANTS AB\u00ceM\u00c9S, DES PARENTS REJET\u00c9S, DES FAMILLES D\u00c9CHIR\u00c9ES, LA FOI D\u00c9VOY\u00c9E, IL NOUS FALLAIT R\u00c9AGIR<\/strong><\/span><\/p>\n<p style=\"padding-left: 40px;\">Cathos na\u00effs et confiants, nous nous sommes tourn\u00e9s vers le Service-Accueil-M\u00e9diation pour trouver de l\u2019aide. Un accueil chaleureux, et une incomp\u00e9tence surprenante. Donc, nous avons fournis pendant deux ans notre travail d\u2019analyses et nos dossiers. Et brutalement, nous avons \u00e9t\u00e9 renvoy\u00e9s vers un conflit familial. Quelque temps plus tard, le SAM utilisait nos analyses et nos dossiers pour alerter tous les \u00e9v\u00eaques, et tous les responsables eccl\u00e9siaux sur le psycho-spirituel, par un rapport \u00ab\u00a0strictement confidentiel\u00a0\u00bb.<\/p>\n<p style=\"padding-left: 40px;\"><span style=\"color: #0000ff;\"><strong>Notre premi\u00e8re exp\u00e9rience avec le Service-Accueil-M\u00e9diation nous a r\u00e9v\u00e9l\u00e9 la face cach\u00e9e de l\u2019Eglise.<\/strong><\/span><\/p>\n<p style=\"padding-left: 40px;\">Nous avons envoy\u00e9 des courriers \u00e0 tous les \u00e9v\u00eaques concern\u00e9s par nos dossiers, au Nonce, \u00e0 Rome. Nos actions devenant d\u00e9rangeantes<strong>,\u00a0<\/strong>il fallait nous discr\u00e9diter pour stopper notre combat. Ce qui se fait de mieux dans ces r\u00e9seaux, ce sont les calomnies\u00a0\u2026 elles courent encore\u2026<\/p>\n<p style=\"padding-left: 40px;\">A partir de 2005, tous les dossiers sont examin\u00e9s par un militaire de la gendarmerie du groupe de renseignements d\u2019Albi, qui a rencontr\u00e9 toutes les victimes, toutes les familles. Les dossiers \u00e9taient suivis par la Secr\u00e9taire G\u00e9n\u00e9rale de la Miviludes.<\/p>\n<p style=\"padding-left: 40px;\">En 2006, nous rencontrons la communaut\u00e9 des B\u00e9atitudes de Bonnecombe, en charge du fr\u00e8re Pierre-Etienne, condamn\u00e9 en 2011 pour p\u00e9dophilie, dont s\u2019\u00e9taient d\u00e9charg\u00e9 les responsables des B\u00e9atitudes avec injonction de se taire. Pierre-Etienne avait envoy\u00e9 en ao\u00fbt 2007, une lettre o\u00f9 il livre son histoire de p\u00e9dophile, \u00e0 Mgr Rylko, responsable du Conseil Pontifical des la\u00efcs. Ce dernier n\u2019a m\u00eame pas daign\u00e9 r\u00e9pondre \u00e0 cet appel \u00e0 l\u2019aide.<\/p>\n<p style=\"padding-left: 40px;\">En 2008, nous adressons une lettre \u00e0 Mgr Rylko qui venait de sanctionner les B\u00e9atitudes, pour lui demander d\u2019aider les victimes \u00e0 se reconstruire. En retour il nous adresse par \u00e9crit sa b\u00e9n\u00e9diction et l\u2019assurance de sa pri\u00e8re\u00a0! Aussit\u00f4t, une p\u00e9tition de pr\u00e8s de 400 signatures lui est adress\u00e9e, sans r\u00e9ponse\u2026<\/p>\n<p style=\"padding-left: 40px;\">En 2009 apr\u00e8s un rendez-vous \u00e0 la CEF, nous obtenons qu\u2019une commission d\u2019experts travaille sur le psycho-spirituel sous la responsabilit\u00e9 de Mgr Santier, des victimes ont donn\u00e9 leurs t\u00e9moignages, nous avons fourni des documents. En contrepartie, Mgr Santier s\u2019\u00e9tait engag\u00e9 \u00e0 aider les victimes. Il nous a tromp\u00e9s\u00a0! En novembre 2011, lors de la conf\u00e9rence des \u00e9v\u00eaques \u00e0 Lourdes, un rapport\u00a0remis \u00e0 chaque \u00e9v\u00eaque, titrait\u00a0:<\/p>\n<p style=\"padding-left: 40px;\">\u00ab\u00a0<em>GROUPE DE REFLEXION \u00ab\u00a0 SPIRITUEL \u00a0ET PSYCHOLOGIE\u00a0\u00bb. Document rigoureusement confidentiel \u00e0 ne diffuser sous aucun pr\u00e9texte. Dossier du groupe au terme de sont travail. Septembre 2011<\/em>\u00ab\u00a0.<\/p>\n<p style=\"padding-left: 40px;\"><span style=\"color: #0000ff;\"><strong>Donc aucun \u00e9v\u00eaque ne peut dire qu\u2019il ne savait pas\u2026<\/strong><\/span><\/p>\n<p style=\"padding-left: 40px;\"><span style=\"color: #0000ff;\"><strong>Vous le trouverez sur le site du CCMM<\/strong>,\u00a0<strong>et sur le site \u00ab\u00a0d\u00e9rives dans l\u2019Eglise catholique\u00a0\u00bb.<\/strong><\/span><\/p>\n<p style=\"padding-left: 40px;\">Notre riposte fut la sortie du\u00a0<em>\u00ab<\/em><a href=\"https:\/\/www.ccmm.asso.fr\/produit\/detournement-de-meninges-le-livre-noir-de-lemprise-psycho-spirituelle\/\"><em>\u00a0Livre Noir de l\u2019emprise psycho-spirituelle\u00a0\u00bb<\/em>.\u00a0<\/a>Un choc pour les \u00e9v\u00eaques qui ont mis en place un autre pare-feu, toujours juge et partie,\u00a0<em>\u00ab\u00a0la cellule d\u2019\u00e9coute\u00a0\u00bb<\/em>\u00a0sous la responsabilit\u00e9 de Mgr Planet \u2026. En r\u00e9ponse, nous publions\u00a0<a href=\"https:\/\/www.ccmm.asso.fr\/produit\/le-silence-des-bergers-hypocrisie-fuite-et-silence\/\"><em>\u00ab\u00a0le silence des bergers\u00a0\u00bb<\/em><\/a>, recueil des lettres envoy\u00e9es aux responsables eccl\u00e9siaux\u2026 Silence\u2026<\/p>\n<p style=\"padding-left: 40px;\">Nous continuons \u00e0 intensifier nos actions, \u00e0 publier nos analyses, alerter les m\u00e9dias, articles de journaux, documentaires, t\u00e9moignages, reportages, \u00e9missions de t\u00e9l\u00e9vision\u2026<\/p>\n<p style=\"padding-left: 40px;\">Voir le reportage sur Youtube, de Sophie Bonnet\u00a0<a href=\"https:\/\/www.youtube.com\/watch?v=jLFMyjuRU10\"><strong><em>\u00ab\u00a0les B\u00e9atitudes, une secte aux portes du Vatican\u00a0\u00bb<\/em><\/strong><\/a>\u00a0diffus\u00e9 par Canal + en 2011.<\/p>\n<p style=\"padding-left: 40px;\">Nous savons d\u00e9sormais le prix de notre combat\u00a0: nos enfants d\u00e9truits, nos familles bris\u00e9es. Et pire\u00a0! Quand les parents se manifestent, leurs enfants disparaissent \u00e0 l\u2019\u00e9tranger voire dans un pays en guerre. Nous sommes rest\u00e9s des ann\u00e9es sans savoir o\u00f9 \u00e9taient nos enfants. Aujourd\u2019hui, en ce moment encore, des parents ne savent pas o\u00f9 sont les leurs. Sont-ils en vie\u00a0? Dans quel \u00e9tat\u00a0? Ce sont des actes de torture morale, que par pudeur pour la douleur des parents, je qualifierai simplement de cruaut\u00e9 morale et mentale. Dans l\u2019Eglise, les gourous et leurs communaut\u00e9s d\u00e9viantes, sont prot\u00e9g\u00e9es pour un recrutement exponentiel faussement vocationnel, et l\u2019argent que \u00e7a rapporte. M\u00eame au prix d\u2019y perdre son \u00e2me.<\/p>\n<p style=\"padding-left: 40px;\"><em>Le psycho-spirituel, a p\u00e9n\u00e9tr\u00e9 toute l\u2019Eglise, y compris les grands ordres religieux, tel le Carmel. L\u2019\u00e9piscopat, sans aucun discernement a ouvert les portes \u00e0 des fondateurs de communaut\u00e9s dont beaucoup \u00e9taient pass\u00e9s par des r\u00e9seaux \u00e9sot\u00e9riques du nouvel \u00e2ge. C\u2019est une h\u00e9r\u00e9sie qui remplace Le Christ R\u00e9dempteur par un J\u00e9sus gu\u00e9risseur. Toutes les h\u00e9r\u00e9sies qui ont travers\u00e9 l\u2019Eglise ont touch\u00e9 la doctrine. Pour la premi\u00e8re fois une h\u00e9r\u00e9sie touche \u00e0 l\u2019amour dans le c\u0153ur d\u2019un \u00eatre. Sachant que nous sommes cr\u00e9\u00e9s \u00e0 l\u2019image de Dieu qui est amour, c\u2019est Dieu que l\u2019on d\u00e9truit. Une destruction qui entraine la haine des parents, des enfants, du conjoint \u2026 Des plus proches.<\/em><\/p>\n<p style=\"padding-left: 40px;\"><span style=\"color: #0000ff;\"><strong>Voir dans\u00a0<\/strong><a style=\"color: #0000ff;\" href=\"https:\/\/www.ccmm.asso.fr\/produit\/le-psycho-spirituel-mis-a-nu\/\"><strong><em>\u00ab\u00a0Le psycho-spirituel mis \u00e0 nu\u00a0\u00bb<\/em><\/strong><\/a><strong>\u00a0l\u2019\u00e9tude de Bertran Chaudet\u00a0<em>\u00ab\u00a0 Le nouvel \u00e2ge a-t-il p\u00e9n\u00e9tr\u00e9 l\u2019Eglise catholique\u00a0?\u00a0\u00bb<\/em><\/strong><\/span><\/p>\n<p style=\"padding-left: 40px;\">Il est effrayant, abyssal, de constater que nos enfants sont prisonniers d\u2019une emprise mentale faite au nom de Dieu. Une prison dont l\u2019\u00e9piscopat \u00e0 la clef de la porte et la verrouille de plus en plus \u00e0 chacune de nos action<strong>.<\/strong>\u00a0Errare humanum est, perseverare diabolicum.<\/p>\n<p style=\"padding-left: 40px;\"><span style=\"color: #0000ff;\"><strong>POURQUOI UNE TELLE OMERTA SUR L\u2019EMPRISE MENTALE\u00a0?<\/strong><\/span><\/p>\n<p style=\"padding-left: 40px;\">Sans emprise mentale, on ne peut assujettir une personne \u00e0 des actes de violence\u00a0: abus sexuels, qu\u2019elle n\u2019accepterait pas, ou la r\u00e9duire \u00e0 commettre des actes qui violent sa conscience\u00a0: d\u00e9truire ses proches.<\/p>\n<p style=\"padding-left: 40px;\">Actuellement, beaucoup de gourous, d\u2019abuseurs sexuels, et non des moindres, font la une des m\u00e9dias.<\/p>\n<p style=\"padding-left: 40px;\">C\u2019est bien tard pour trop de parents morts sans avoir revu leurs enfants, pour tous ceux qui ne savent pas o\u00f9 sont leurs enfants, leurs petits enfants, pour les parents malades seuls et rejet\u00e9s, pour les familles irr\u00e9m\u00e9diablement d\u00e9truites sur plusieurs g\u00e9n\u00e9rations\u2026 Au nom de Dieu.<\/p>\n<p style=\"padding-left: 40px;\">Dans la Croix du 1<sup>er<\/sup>\u00a0octobre 2022, un article titre\u00a0: Mgr\u00a0de Moulins-Beaufort\u2009:\u00a0<em>\u00ab\u00a0L\u2019\u00c9glise est une maison aussi s\u00fbre que possible\u00a0\u00bb\u00a0<\/em><\/p>\n<p style=\"padding-left: 40px;\">Chacun en jugera.<\/p>\n<p style=\"padding-left: 40px;\">Nous ne commenterons pas.<\/p>\n<p style=\"padding-left: 40px;\">Publi\u00e9 le<a href=\"https:\/\/sosdiscernement.org\/le-psychospirituel-un-combat-de-tous-les-jours-depuis-20-ans\/\">15 novembre 2022<\/a><\/p>\n","protected":false},"excerpt":{"rendered":"<p>https:\/\/sosdiscernement.org Le psychospirituel: un combat de tous les jours depuis 20 ans &nbsp; T\u00e9moignage, par J. D., collectif-CCMM. \u00a0Nous sommes des parents, catholiques engag\u00e9s, dont les enfants, jeunes \u00e9tudiants, ont \u00e9t\u00e9 embarqu\u00e9s \u00e0 l\u2019aum\u00f4nerie, sous couvert de retraites spirituelles, dans des sessions charismatiques dites psychospirituelles o\u00f9 l\u2019on a \u00ab\u00a0revisit\u00e9 leur histoire\u00a0\u00bb. Ils en sont revenus <span class=\"ellipsis\">&hellip;<\/span> <span class=\"more-link-wrap\"><a href=\"http:\/\/WWW.derivesdansleglisecatholique.fr\/?p=6621\" class=\"more-link\"><span>Read More &rarr;<\/span><\/a><\/span><\/p>\n","protected":false},"author":3,"featured_media":0,"comment_status":"closed","ping_status":"closed","sticky":false,"template":"","format":"standard","meta":{"footnotes":""},"categories":[1],"tags":[],"class_list":["post-6621","post","type-post","status-publish","format-standard","hentry","category-non-classe"],"yoast_head":"<!-- This site is optimized with the Yoast SEO plugin v27.4 - https:\/\/yoast.com\/product\/yoast-seo-wordpress\/ -->\n<title>Un combat de tous les jours depuis 20 ans - D\u00e9rives dans l&#039;eglise catholique<\/title>\n<meta name=\"robots\" content=\"index, follow, max-snippet:-1, max-image-preview:large, max-video-preview:-1\" \/>\n<link rel=\"canonical\" href=\"http:\/\/WWW.derivesdansleglisecatholique.fr\/?p=6621\" \/>\n<meta property=\"og:locale\" content=\"fr_FR\" \/>\n<meta property=\"og:type\" content=\"article\" \/>\n<meta property=\"og:title\" content=\"Un combat de tous les jours depuis 20 ans - D\u00e9rives dans l&#039;eglise catholique\" \/>\n<meta property=\"og:description\" content=\"https:\/\/sosdiscernement.org Le psychospirituel: un combat de tous les jours depuis 20 ans &nbsp; T\u00e9moignage, par J. D., collectif-CCMM. \u00a0Nous sommes des parents, catholiques engag\u00e9s, dont les enfants, jeunes \u00e9tudiants, ont \u00e9t\u00e9 embarqu\u00e9s \u00e0 l\u2019aum\u00f4nerie, sous couvert de retraites spirituelles, dans des sessions charismatiques dites psychospirituelles o\u00f9 l\u2019on a \u00ab\u00a0revisit\u00e9 leur histoire\u00a0\u00bb. Ils en sont revenus &hellip; Read More &rarr;\" \/>\n<meta property=\"og:url\" content=\"http:\/\/WWW.derivesdansleglisecatholique.fr\/?p=6621\" \/>\n<meta property=\"og:site_name\" content=\"D\u00e9rives dans l&#039;eglise catholique\" \/>\n<meta property=\"article:published_time\" content=\"2022-11-21T13:39:58+00:00\" \/>\n<meta name=\"author\" content=\"WYZ\" \/>\n<meta name=\"twitter:label1\" content=\"\u00c9crit par\" \/>\n\t<meta name=\"twitter:data1\" content=\"WYZ\" \/>\n\t<meta name=\"twitter:label2\" content=\"Dur\u00e9e de lecture estim\u00e9e\" \/>\n\t<meta name=\"twitter:data2\" content=\"9 minutes\" \/>\n<script type=\"application\/ld+json\" class=\"yoast-schema-graph\">{\"@context\":\"https:\\\/\\\/schema.org\",\"@graph\":[{\"@type\":\"Article\",\"@id\":\"http:\\\/\\\/WWW.derivesdansleglisecatholique.fr\\\/?p=6621#article\",\"isPartOf\":{\"@id\":\"http:\\\/\\\/WWW.derivesdansleglisecatholique.fr\\\/?p=6621\"},\"author\":{\"name\":\"WYZ\",\"@id\":\"https:\\\/\\\/WWW.derivesdansleglisecatholique.fr\\\/#\\\/schema\\\/person\\\/ffb02afe1a91585220a46c7ee86ebb52\"},\"headline\":\"Un combat de tous les jours depuis 20 ans\",\"datePublished\":\"2022-11-21T13:39:58+00:00\",\"mainEntityOfPage\":{\"@id\":\"http:\\\/\\\/WWW.derivesdansleglisecatholique.fr\\\/?p=6621\"},\"wordCount\":1857,\"inLanguage\":\"fr-FR\"},{\"@type\":\"WebPage\",\"@id\":\"http:\\\/\\\/WWW.derivesdansleglisecatholique.fr\\\/?p=6621\",\"url\":\"http:\\\/\\\/WWW.derivesdansleglisecatholique.fr\\\/?p=6621\",\"name\":\"Un combat de tous les jours depuis 20 ans - D\u00e9rives dans l&#039;eglise catholique\",\"isPartOf\":{\"@id\":\"https:\\\/\\\/WWW.derivesdansleglisecatholique.fr\\\/#website\"},\"datePublished\":\"2022-11-21T13:39:58+00:00\",\"author\":{\"@id\":\"https:\\\/\\\/WWW.derivesdansleglisecatholique.fr\\\/#\\\/schema\\\/person\\\/ffb02afe1a91585220a46c7ee86ebb52\"},\"breadcrumb\":{\"@id\":\"http:\\\/\\\/WWW.derivesdansleglisecatholique.fr\\\/?p=6621#breadcrumb\"},\"inLanguage\":\"fr-FR\",\"potentialAction\":[{\"@type\":\"ReadAction\",\"target\":[\"http:\\\/\\\/WWW.derivesdansleglisecatholique.fr\\\/?p=6621\"]}]},{\"@type\":\"BreadcrumbList\",\"@id\":\"http:\\\/\\\/WWW.derivesdansleglisecatholique.fr\\\/?p=6621#breadcrumb\",\"itemListElement\":[{\"@type\":\"ListItem\",\"position\":1,\"name\":\"Accueil\",\"item\":\"https:\\\/\\\/WWW.derivesdansleglisecatholique.fr\\\/\"},{\"@type\":\"ListItem\",\"position\":2,\"name\":\"Un combat de tous les jours depuis 20 ans\"}]},{\"@type\":\"WebSite\",\"@id\":\"https:\\\/\\\/WWW.derivesdansleglisecatholique.fr\\\/#website\",\"url\":\"https:\\\/\\\/WWW.derivesdansleglisecatholique.fr\\\/\",\"name\":\"D\u00e9rives dans l&#039;eglise catholique\",\"description\":\"Justice et V\u00e9rit\u00e9 pour les familles\",\"potentialAction\":[{\"@type\":\"SearchAction\",\"target\":{\"@type\":\"EntryPoint\",\"urlTemplate\":\"https:\\\/\\\/WWW.derivesdansleglisecatholique.fr\\\/?s={search_term_string}\"},\"query-input\":{\"@type\":\"PropertyValueSpecification\",\"valueRequired\":true,\"valueName\":\"search_term_string\"}}],\"inLanguage\":\"fr-FR\"},{\"@type\":\"Person\",\"@id\":\"https:\\\/\\\/WWW.derivesdansleglisecatholique.fr\\\/#\\\/schema\\\/person\\\/ffb02afe1a91585220a46c7ee86ebb52\",\"name\":\"WYZ\",\"image\":{\"@type\":\"ImageObject\",\"inLanguage\":\"fr-FR\",\"@id\":\"https:\\\/\\\/secure.gravatar.com\\\/avatar\\\/a89d00b3ba7470cc3ee7cd3383b662f0ffff221bd43470000a0b0e1c236977ff?s=96&r=g\",\"url\":\"https:\\\/\\\/secure.gravatar.com\\\/avatar\\\/a89d00b3ba7470cc3ee7cd3383b662f0ffff221bd43470000a0b0e1c236977ff?s=96&r=g\",\"contentUrl\":\"https:\\\/\\\/secure.gravatar.com\\\/avatar\\\/a89d00b3ba7470cc3ee7cd3383b662f0ffff221bd43470000a0b0e1c236977ff?s=96&r=g\",\"caption\":\"WYZ\"},\"url\":\"http:\\\/\\\/WWW.derivesdansleglisecatholique.fr\\\/?author=3\"}]}<\/script>\n<!-- \/ Yoast SEO plugin. -->","yoast_head_json":{"title":"Un combat de tous les jours depuis 20 ans - D\u00e9rives dans l&#039;eglise catholique","robots":{"index":"index","follow":"follow","max-snippet":"max-snippet:-1","max-image-preview":"max-image-preview:large","max-video-preview":"max-video-preview:-1"},"canonical":"http:\/\/WWW.derivesdansleglisecatholique.fr\/?p=6621","og_locale":"fr_FR","og_type":"article","og_title":"Un combat de tous les jours depuis 20 ans - D\u00e9rives dans l&#039;eglise catholique","og_description":"https:\/\/sosdiscernement.org Le psychospirituel: un combat de tous les jours depuis 20 ans &nbsp; T\u00e9moignage, par J. D., collectif-CCMM. \u00a0Nous sommes des parents, catholiques engag\u00e9s, dont les enfants, jeunes \u00e9tudiants, ont \u00e9t\u00e9 embarqu\u00e9s \u00e0 l\u2019aum\u00f4nerie, sous couvert de retraites spirituelles, dans des sessions charismatiques dites psychospirituelles o\u00f9 l\u2019on a \u00ab\u00a0revisit\u00e9 leur histoire\u00a0\u00bb. Ils en sont revenus &hellip; Read More &rarr;","og_url":"http:\/\/WWW.derivesdansleglisecatholique.fr\/?p=6621","og_site_name":"D\u00e9rives dans l&#039;eglise catholique","article_published_time":"2022-11-21T13:39:58+00:00","author":"WYZ","twitter_misc":{"\u00c9crit par":"WYZ","Dur\u00e9e de lecture estim\u00e9e":"9 minutes"},"schema":{"@context":"https:\/\/schema.org","@graph":[{"@type":"Article","@id":"http:\/\/WWW.derivesdansleglisecatholique.fr\/?p=6621#article","isPartOf":{"@id":"http:\/\/WWW.derivesdansleglisecatholique.fr\/?p=6621"},"author":{"name":"WYZ","@id":"https:\/\/WWW.derivesdansleglisecatholique.fr\/#\/schema\/person\/ffb02afe1a91585220a46c7ee86ebb52"},"headline":"Un combat de tous les jours depuis 20 ans","datePublished":"2022-11-21T13:39:58+00:00","mainEntityOfPage":{"@id":"http:\/\/WWW.derivesdansleglisecatholique.fr\/?p=6621"},"wordCount":1857,"inLanguage":"fr-FR"},{"@type":"WebPage","@id":"http:\/\/WWW.derivesdansleglisecatholique.fr\/?p=6621","url":"http:\/\/WWW.derivesdansleglisecatholique.fr\/?p=6621","name":"Un combat de tous les jours depuis 20 ans - D\u00e9rives dans l&#039;eglise catholique","isPartOf":{"@id":"https:\/\/WWW.derivesdansleglisecatholique.fr\/#website"},"datePublished":"2022-11-21T13:39:58+00:00","author":{"@id":"https:\/\/WWW.derivesdansleglisecatholique.fr\/#\/schema\/person\/ffb02afe1a91585220a46c7ee86ebb52"},"breadcrumb":{"@id":"http:\/\/WWW.derivesdansleglisecatholique.fr\/?p=6621#breadcrumb"},"inLanguage":"fr-FR","potentialAction":[{"@type":"ReadAction","target":["http:\/\/WWW.derivesdansleglisecatholique.fr\/?p=6621"]}]},{"@type":"BreadcrumbList","@id":"http:\/\/WWW.derivesdansleglisecatholique.fr\/?p=6621#breadcrumb","itemListElement":[{"@type":"ListItem","position":1,"name":"Accueil","item":"https:\/\/WWW.derivesdansleglisecatholique.fr\/"},{"@type":"ListItem","position":2,"name":"Un combat de tous les jours depuis 20 ans"}]},{"@type":"WebSite","@id":"https:\/\/WWW.derivesdansleglisecatholique.fr\/#website","url":"https:\/\/WWW.derivesdansleglisecatholique.fr\/","name":"D\u00e9rives dans l&#039;eglise catholique","description":"Justice et V\u00e9rit\u00e9 pour les familles","potentialAction":[{"@type":"SearchAction","target":{"@type":"EntryPoint","urlTemplate":"https:\/\/WWW.derivesdansleglisecatholique.fr\/?s={search_term_string}"},"query-input":{"@type":"PropertyValueSpecification","valueRequired":true,"valueName":"search_term_string"}}],"inLanguage":"fr-FR"},{"@type":"Person","@id":"https:\/\/WWW.derivesdansleglisecatholique.fr\/#\/schema\/person\/ffb02afe1a91585220a46c7ee86ebb52","name":"WYZ","image":{"@type":"ImageObject","inLanguage":"fr-FR","@id":"https:\/\/secure.gravatar.com\/avatar\/a89d00b3ba7470cc3ee7cd3383b662f0ffff221bd43470000a0b0e1c236977ff?s=96&r=g","url":"https:\/\/secure.gravatar.com\/avatar\/a89d00b3ba7470cc3ee7cd3383b662f0ffff221bd43470000a0b0e1c236977ff?s=96&r=g","contentUrl":"https:\/\/secure.gravatar.com\/avatar\/a89d00b3ba7470cc3ee7cd3383b662f0ffff221bd43470000a0b0e1c236977ff?s=96&r=g","caption":"WYZ"},"url":"http:\/\/WWW.derivesdansleglisecatholique.fr\/?author=3"}]}},"_links":{"self":[{"href":"http:\/\/WWW.derivesdansleglisecatholique.fr\/index.php?rest_route=\/wp\/v2\/posts\/6621","targetHints":{"allow":["GET"]}}],"collection":[{"href":"http:\/\/WWW.derivesdansleglisecatholique.fr\/index.php?rest_route=\/wp\/v2\/posts"}],"about":[{"href":"http:\/\/WWW.derivesdansleglisecatholique.fr\/index.php?rest_route=\/wp\/v2\/types\/post"}],"author":[{"embeddable":true,"href":"http:\/\/WWW.derivesdansleglisecatholique.fr\/index.php?rest_route=\/wp\/v2\/users\/3"}],"replies":[{"embeddable":true,"href":"http:\/\/WWW.derivesdansleglisecatholique.fr\/index.php?rest_route=%2Fwp%2Fv2%2Fcomments&post=6621"}],"version-history":[{"count":1,"href":"http:\/\/WWW.derivesdansleglisecatholique.fr\/index.php?rest_route=\/wp\/v2\/posts\/6621\/revisions"}],"predecessor-version":[{"id":6622,"href":"http:\/\/WWW.derivesdansleglisecatholique.fr\/index.php?rest_route=\/wp\/v2\/posts\/6621\/revisions\/6622"}],"wp:attachment":[{"href":"http:\/\/WWW.derivesdansleglisecatholique.fr\/index.php?rest_route=%2Fwp%2Fv2%2Fmedia&parent=6621"}],"wp:term":[{"taxonomy":"category","embeddable":true,"href":"http:\/\/WWW.derivesdansleglisecatholique.fr\/index.php?rest_route=%2Fwp%2Fv2%2Fcategories&post=6621"},{"taxonomy":"post_tag","embeddable":true,"href":"http:\/\/WWW.derivesdansleglisecatholique.fr\/index.php?rest_route=%2Fwp%2Fv2%2Ftags&post=6621"}],"curies":[{"name":"wp","href":"https:\/\/api.w.org\/{rel}","templated":true}]}}