{"id":944,"date":"2017-04-06T13:52:21","date_gmt":"2017-04-06T12:52:21","guid":{"rendered":"http:\/\/WWW.derivesdansleglisecatholique.fr\/?p=944"},"modified":"2017-04-06T13:52:21","modified_gmt":"2017-04-06T12:52:21","slug":"le-careme-au-vatican","status":"publish","type":"post","link":"http:\/\/WWW.derivesdansleglisecatholique.fr\/?p=944","title":{"rendered":"Le car\u00eame au Vatican"},"content":{"rendered":"<p style=\"padding-left: 30px;\">\n<p style=\"padding-left: 30px;\"><span style=\"font-family: 'times new roman', times, serif; font-size: 12pt; color: #ffcc99;\"><strong>\u00a0.<\/strong><\/span><\/p>\n<p style=\"padding-left: 30px;\"><span style=\"font-family: 'times new roman', times, serif; font-size: 12pt;\"><strong><em>\u00ab\u00a0Le P\u00e8re Raniero Cantalamessa pr\u00e9dicateur de la maison pontificale pr\u00eache les m\u00e9ditations du car\u00eame.<\/em><\/strong><strong>\u00a0\u00bb<\/strong><\/span><\/p>\n<p style=\"padding-left: 30px;\"><span style=\"color: #ffcc99;\">.<\/span><\/p>\n<p style=\"padding-left: 30px;\"><span style=\"font-family: 'times new roman', times, serif; font-size: 12pt;\">La troisi\u00e8me m\u00e9ditation du 24 mars 2017, est diffus\u00e9e sur le site de Radio\u00a0 Vatican :<\/span><\/p>\n<p style=\"padding-left: 30px;\"><span style=\"font-family: 'times new roman', times, serif; font-size: 10pt;\"><a href=\"http:\/\/fr.radiovaticana.va\/news\/2017\/03\/24\/troisi%C3%A8me_m%C3%A9ditation_de_car%C3%AAme_du_p%C3%A8re_cantalamessa\/1300835\">http:\/\/fr.radiovaticana.va\/news\/2017\/03\/24\/troisi%C3%A8me_m%C3%A9ditation_de_car%C3%AAme_<\/a><\/span><\/p>\n<p style=\"padding-left: 30px;\"><span style=\"font-family: 'times new roman', times, serif; font-size: 10pt;\"><a href=\"http:\/\/fr.radiovaticana.va\/news\/2017\/03\/24\/troisi%C3%A8me_m%C3%A9ditation_de_car%C3%AAme_du_p%C3%A8re_cantalamessa\/1300835\">du_p%C3%A8re_cantalamessa\/1300835<\/a><\/span><\/p>\n<p style=\"padding-left: 30px;\"><span style=\"color: #ffcc99;\">.<\/span><\/p>\n<p style=\"padding-left: 30px;\"><span style=\"font-family: 'times new roman', times, serif; font-size: 12pt;\">Reprise sur le site de Zenit\u00a0:<\/span><\/p>\n<p style=\"padding-left: 30px;\"><span style=\"font-family: 'times new roman', times, serif; font-size: 10pt;\"><a href=\"https:\/\/fr.zenit.org\/articles\/le-christianisme-nest-pas-fait-pour-augmenter-la-peur-de-la-mort-mais-pour-lenlever\/\">https:\/\/fr.zenit.org\/articles\/le-christianisme-nest-pas-fait-pour-augmenter-la-peur-de-la-mort-mais-pour-lenlever\/<\/a><\/span><\/p>\n<p style=\"padding-left: 30px;\"><span style=\"font-family: 'times new roman', times, serif; font-size: 12pt;\">\u00a0.<\/span><\/p>\n<p style=\"padding-left: 30px;\"><span style=\"font-family: 'times new roman', times, serif; font-size: 12pt;\"><a href=\"https:\/\/www.facebook.com\/sharer\/sharer.php?u=http:\/\/www.etoilenotredame.org\/actualites\/pere-raniero-cantalamessa-du-vatican-3e-meditation-du-careme\">Elle<\/a> \u00a0donne d\u00e8s les premi\u00e8res lignes,\u00a0 une information int\u00e9ressante\u00a0:<\/span><\/p>\n<p style=\"padding-left: 30px;\"><span style=\"font-family: 'times new roman', times, serif; font-size: 12pt; color: #ffcc99;\"><strong>\u00a0.<\/strong><\/span><\/p>\n<p style=\"padding-left: 30px;\"><span style=\"font-family: 'times new roman', times, serif; font-size: 12pt;\"><strong><em>\u00ab\u00a01. L\u2019Esprit Saint dans le myst\u00e8re pascal du Christ\u00a0\u00bb<\/em><\/strong><\/span><\/p>\n<p style=\"padding-left: 30px;\"><span style=\"font-family: 'times new roman', times, serif; font-size: 12pt;\"><strong><em>(\u2026) \u00ab\u00a0 D\u00e8s que le programme de ces m\u00e9ditations de car\u00eame a \u00e9t\u00e9 rendu public, dans un entretien pour L\u2019Osservatore Romano, on (sic) m\u2019a \u00e9t\u00e9 demand\u00e9\u00a0:\u00a0\u00ab\u00a0Combien d\u2019espace accorderez-vous \u00e0 l\u2019actualit\u00e9\u00a0?\u00a0\u00bb\u00a0J\u2019ai r\u00e9pondu\u00a0: si l\u2019on entend par \u00ab\u00a0actualit\u00e9\u00a0\u00bb la r\u00e9f\u00e9rence \u00e0 des situations ou des \u00e9v\u00e9nements en cours, je crains qu\u2019il y ait bien peu d\u2019actuel dans mes prochaines pr\u00e9dications de car\u00eame. Mais, \u00e0 mon avis, \u00ab\u00a0actuel\u00a0\u00bb ne renvoie pas seulement \u00e0 \u00ab\u00a0ce qui est en cours\u00a0\u00bb et n\u2019est pas synonyme de \u00ab\u00a0r\u00e9cent\u00a0\u00bb. Les choses les plus \u00ab\u00a0actuelles\u00a0\u00bb sont les choses \u00e9ternelles, c\u2019est-\u00e0-dire celles qui touchent les personnes au plus profond de leur existence, dans leur intimit\u00e9, \u00e0 toute \u00e9poque ou culture. (\u2026) Qu\u2019y-a-t-il de plus important et d\u2019actuel pour le croyant, je dirais m\u00eame pour tout homme et toute femme, que de savoir si la vie a un sens ou pas, si la mort est la fin de tout ou, au contraire, le d\u00e9but de la vraie vie\u00a0? Il se trouve que le myst\u00e8re pascal de la mort et de la r\u00e9surrection du Christ est la seule r\u00e9ponse \u00e0 ces probl\u00e8mes. \u2026\u00a0\u00bb<\/em><\/strong><\/span><\/p>\n<p style=\"padding-left: 30px;\"><span style=\"color: #ffcc99;\">.<\/span><\/p>\n<p style=\"padding-left: 30px;\"><span style=\"font-family: 'times new roman', times, serif; font-size: 12pt;\">Nous pensons que cette \u00ab\u00a0mise au point\u00a0\u00bb du P\u00e8re Cantalamessa en m\u00e9rite une autre. Nous reprenons donc la plume.<\/span><\/p>\n<p style=\"padding-left: 30px;\"><span style=\"font-family: 'times new roman', times, serif; font-size: 12pt; color: #ffcc99;\"><strong>\u00a0.<\/strong><\/span><\/p>\n<p style=\"padding-left: 30px;\"><span style=\"font-family: 'times new roman', times, serif; font-size: 14pt; color: #0000ff;\"><strong>D\u00e9ni, provocation\u00a0?<\/strong><\/span><\/p>\n<p style=\"padding-left: 30px;\"><span style=\"color: #ffcc99;\">.<\/span><\/p>\n<p style=\"padding-left: 30px;\"><span style=\"font-family: 'times new roman', times, serif; font-size: 12pt;\">En tous cas, c\u2019est irrecevable. On craint \u00e0 dire le ressenti violent de toute puissance \u00e0 la lecture de ces paroles.<\/span><\/p>\n<p style=\"padding-left: 30px;\"><span style=\"color: #ffcc99;\">.<\/span><\/p>\n<p style=\"padding-left: 30px;\"><span style=\"font-family: 'times new roman', times, serif; font-size: 12pt;\">Le P\u00e8re Cantalamessa ne connait-il pas \u00a0mieux que quiconque \u00ab\u00a0l\u2019actualit\u00e9\u00a0\u00bb qui secoue l\u2019Eglise\u00a0: p\u00e9dophilie, manipulations mentales,\u00a0 d\u00e9rives sectaires, scandales financiers\u00a0? Pour le pr\u00e9dicateur Cantalamessa (pardonnez-nous de ne pouvoir \u00e9crire \u00ab\u00a0P\u00e8re\u00a0\u00bb), les victimes n\u2019existent pas. M\u00eame pas des objets. RIEN. Ce grand homme pr\u00e9f\u00e8re voir l\u2019essentiel\u00a0:<\/span><\/p>\n<p style=\"padding-left: 30px;\"><span style=\"color: #ffcc99;\">.<\/span><\/p>\n<p style=\"padding-left: 30px;\"><span style=\"font-family: 'times new roman', times, serif; font-size: 12pt;\">\u00ab\u00a0<strong><em>Les choses les plus \u00ab\u00a0actuelles\u00a0\u00bb sont les choses \u00e9ternelles\u00a0\u00bb<\/em><\/strong><\/span><\/p>\n<p style=\"padding-left: 30px;\"><span style=\"font-family: 'times new roman', times, serif; font-size: 12pt;\">Avec une r\u00e9ponse pour le reste\u00a0:<\/span><\/p>\n<p style=\"padding-left: 30px;\"><span style=\"color: #ffcc99;\">.<\/span><\/p>\n<p style=\"padding-left: 30px;\"><span style=\"font-family: 'times new roman', times, serif; font-size: 12pt;\"><strong><em>\u00ab\u00a0 Il se trouve que le myst\u00e8re pascal de la mort et de la r\u00e9surrection du Christ est la seule r\u00e9ponse \u00e0 ces probl\u00e8mes. \u2026\u00a0\u00bb<\/em><\/strong><\/span><\/p>\n<p style=\"padding-left: 30px;\"><span style=\"font-family: 'times new roman', times, serif; font-size: 12pt;\">Aux pr\u00e9dications de car\u00eame du Vatican, nous pr\u00e9f\u00e9rons bien simplement les textes \u00e9vang\u00e9liques dont celui de St Matthieu, bien concret sur le jugement dernier\u00a0:<\/span><\/p>\n<p style=\"padding-left: 30px;\"><span style=\"font-family: 'times new roman', times, serif; font-size: 12pt;\">Chapitre 25 versets 40\u00a0:<\/span><\/p>\n<p style=\"padding-left: 30px;\"><span style=\"color: #ffcc99;\">.<\/span><\/p>\n<p style=\"padding-left: 30px;\"><span style=\"font-family: 'times new roman', times, serif; font-size: 12pt;\"><em>\u00ab \u2026Je vous le dis en v\u00e9rit\u00e9, toutes les fois que vous avez fait ces choses \u00e0 l\u2019un de ces plus petits de mes fr\u00e8res, c\u2019est \u00e0 moi que vous les avez faites.\u00a0\u00bb<\/em><\/span><\/p>\n<p style=\"padding-left: 30px;\"><span style=\"color: #ffcc99;\">.<\/span><\/p>\n<p style=\"padding-left: 30px;\"><span style=\"font-family: 'times new roman', times, serif; font-size: 12pt;\">Le pr\u00e9dicateur Cantalamessa qui parle de l\u2019\u00e9ternit\u00e9 si l\u00e9g\u00e8rement,\u00a0 semble oublier qu\u2019il faut que la porte s\u2019ouvre pour y entrer.<\/span><\/p>\n<p style=\"padding-left: 30px;\"><span style=\"font-family: 'times new roman', times, serif; font-size: 12pt; color: #ffcc99;\"><strong>\u00a0.<\/strong><\/span><\/p>\n<p style=\"padding-left: 30px;\"><span style=\"font-family: 'times new roman', times, serif; font-size: 14pt; color: #0000ff;\"><strong>Mais qui est le P\u00e8re Cantalamessa\u00a0?<\/strong><\/span><\/p>\n<p style=\"padding-left: 30px;\"><span style=\"color: #ffcc99;\">.<\/span><\/p>\n<p style=\"padding-left: 30px;\"><span style=\"font-family: 'times new roman', times, serif; font-size: 12pt;\">Un article de Lib\u00e9ration en d\u00e9voile un visage\u00a0:<\/span><\/p>\n<p style=\"padding-left: 30px;\"><span style=\"color: #ffcc99;\">.<\/span><\/p>\n<p style=\"padding-left: 30px;\"><span style=\"font-size: 14pt; color: #0000ff;\"><strong><span style=\"font-family: 'times new roman', times, serif;\">ENQUETE<\/span><\/strong><\/span><\/p>\n<p style=\"padding-left: 30px;\"><span style=\"color: #ffcc99;\">.<\/span><\/p>\n<h1 style=\"padding-left: 30px;\"><span style=\"font-family: 'times new roman', times, serif; font-size: 14pt; color: #0000ff;\">Apostoliquement incorrect<\/span><\/h1>\n<p><span style=\"color: #ffcc99;\">.<\/span><\/p>\n<p style=\"padding-left: 30px;\"><span style=\"font-family: 'times new roman', times, serif; font-size: 12pt;\">Par\u00a0<a href=\"http:\/\/www.liberation.fr\/auteur\/11917-giovanni-maria-bellu\">Giovanni Maria BELLU<\/a>\u00a0\u2014\u00a029 mai 2010 \u00e0 00\u00a0:00<\/span><\/p>\n<p style=\"padding-left: 30px;\"><span style=\"color: #ffcc99;\">.<\/span><\/p>\n<h2 style=\"padding-left: 30px;\"><span style=\"font-family: 'times new roman', times, serif; font-size: 12pt;\"><em>\u00ab\u00a0 Le pr\u00e9dicateur du Vatican a compar\u00e9 les d\u00e9nonciations des p\u00e9dophiles aux pers\u00e9cutions des juifs, provoquant un toll\u00e9. En 2004, le p\u00e8re Cantalamessa avait aussi donn\u00e9 sa b\u00e9n\u00e9diction au Sentier sacr\u00e9, une secte jug\u00e9e en Italie. Enqu\u00eate.\u00a0\u00bb<\/em><\/span><\/h2>\n<p><span style=\"color: #ffcc99;\">.<\/span><\/p>\n<p style=\"padding-left: 30px;\"><span style=\"font-family: 'times new roman', times, serif; font-size: 12pt;\"><em>\u00ab\u00a0Le p\u00e8re Raniero Cantalamessa\u00a0(2) est devenu une c\u00e9l\u00e9brit\u00e9 mondiale : le 2\u00a0avril, en pr\u00e9sence du pape, il a compar\u00e9<\/em><em>\u00a0<\/em><em>\u00abl\u2019attaque concentrique et violente\u00bb<\/em><em>\u00a0<\/em><em>inflig\u00e9e \u00e0 l\u2019Eglise, suite \u00e0 l\u2019affaire des pr\u00eatres p\u00e9dophiles, aux<\/em><em>\u00a0<\/em><em>\u00abaspects les plus honteux de l\u2019antis\u00e9mitisme\u00bb<\/em><em>.<\/em><\/span><\/p>\n<p style=\"padding-left: 30px;\"><span style=\"color: #ffcc99;\">.<\/span><\/p>\n<p style=\"padding-left: 30px;\"><span style=\"font-family: 'times new roman', times, serif; font-size: 12pt;\"><em>Cette gaffe a suscit\u00e9 l\u2019indignation du monde juif &#8211;<\/em><em>\u00a0<\/em><em>\u00abun rapprochement indigne\u00bb,<\/em><em>\u00a0<\/em><em>a protest\u00e9 Marvin Hier, rabbin du Centre Wiesenthal &#8211; et le Vatican a imm\u00e9diatement pris ses distances. Pour finir, le p\u00e8re Cantalamessa (\u2026) a courb\u00e9 la t\u00eate et s\u2019est excus\u00e9 aupr\u00e8s de tout le monde : aupr\u00e8s des victimes de la p\u00e9dophilie, et aupr\u00e8s des juifs.<\/em><\/span><\/p>\n<p style=\"padding-left: 30px;\"><span style=\"color: #ffcc99;\">.<\/span><\/p>\n<p style=\"padding-left: 30px;\"><span style=\"font-family: 'times new roman', times, serif; font-size: 12pt;\"><em>En revanche, il ne s\u2019est pas encore excus\u00e9 aupr\u00e8s des victimes de la<\/em><em>\u00a0<\/em><em>\u00abm\u00e9thode Arkeon\u00bb<\/em><em>, un ensemble de rituels sinistres pratiqu\u00e9s par<\/em><em>\u00a0<\/em><em>\u00abSacred Path\u00bb<\/em><em>\u00a0<\/em><em>(Sentier sacr\u00e9), une \u00abpsychosecte\u00bb qui, depuis la mi-mars, est jug\u00e9e pour une longue s\u00e9rie de d\u00e9lits, allant de l\u2019association de malfaiteurs aux mauvais traitements sur mineurs. Pendant des ann\u00e9es, le p\u00e8re Cantalamessa en a \u00e9t\u00e9 l\u2019un des sponsors les plus autoris\u00e9s\u2026.\u00a0\u00bb<\/em><\/span><\/p>\n<p style=\"padding-left: 30px;\"><span style=\"color: #ffcc99;\">.<\/span><\/p>\n<p style=\"padding-left: 30px;\"><span style=\"font-family: 'times new roman', times, serif; font-size: 12pt;\"><em>\u00a0<\/em><\/span><\/p>\n<p style=\"padding-left: 30px;\"><span style=\"font-family: 'times new roman', times, serif; font-size: 12pt;\">Lire l\u2019article complet dans Lib\u00e9ration, du 29 mai 2010\u00a0:<\/span><\/p>\n<p style=\"padding-left: 30px;\"><span style=\"font-size: 10pt; font-family: 'times new roman', times, serif;\"><a href=\"http:\/\/www.liberation.fr\/planete\/2010\/05\/29\/apostoliquement-incorrect_655152\">http:\/\/www.liberation.fr\/planete\/2010\/05\/29\/apostoliquement-incorrect_655152<\/a><\/span><\/p>\n<p style=\"padding-left: 30px;\"><span style=\"font-family: 'times new roman', times, serif; font-size: 12pt; color: #ffcc99;\"><strong>\u00a0.<\/strong><\/span><\/p>\n<p style=\"padding-left: 30px;\"><span style=\"font-family: 'times new roman', times, serif; font-size: 14pt; color: #0000ff;\"><strong>Que conclure\u00a0?<\/strong><\/span><\/p>\n<p style=\"padding-left: 30px;\"><span style=\"color: #ffcc99;\">.<\/span><\/p>\n<p style=\"padding-left: 30px;\"><span style=\"font-family: 'times new roman', times, serif; font-size: 12pt;\"><strong>Lorsqu\u2019on apprend par le livre \u00ab\u00a0<em>Charismatiques, une \u00e9glise dans l\u2019Eglise\u00a0\u00bb<\/em>, \u00e9dit\u00e9 aux \u00e9ditions Golias,\u00a0 que le P. Cantalamessa est le \u00ab\u00a0chef d\u2019orchestre\u00a0\u00bb de la nouvelle \u00e9vang\u00e9lisation,\u00a0 Cela d\u00e9fie \u00a0l\u2019entendement, comprenne qui pourra\u2026<\/strong><\/span><\/p>\n<p style=\"padding-left: 30px;\"><span style=\"color: #ffcc99;\">.<\/span><\/p>\n","protected":false},"excerpt":{"rendered":"<p>\u00a0. \u00ab\u00a0Le P\u00e8re Raniero Cantalamessa pr\u00e9dicateur de la maison pontificale pr\u00eache les m\u00e9ditations du car\u00eame.\u00a0\u00bb . La troisi\u00e8me m\u00e9ditation du 24 mars 2017, est diffus\u00e9e sur le site de Radio\u00a0 Vatican : http:\/\/fr.radiovaticana.va\/news\/2017\/03\/24\/troisi%C3%A8me_m%C3%A9ditation_de_car%C3%AAme_ du_p%C3%A8re_cantalamessa\/1300835 . Reprise sur le site de Zenit\u00a0: https:\/\/fr.zenit.org\/articles\/le-christianisme-nest-pas-fait-pour-augmenter-la-peur-de-la-mort-mais-pour-lenlever\/ \u00a0. Elle \u00a0donne d\u00e8s les premi\u00e8res lignes,\u00a0 une information int\u00e9ressante\u00a0: \u00a0. \u00ab\u00a01. L\u2019Esprit <span class=\"ellipsis\">&hellip;<\/span> <span class=\"more-link-wrap\"><a href=\"http:\/\/WWW.derivesdansleglisecatholique.fr\/?p=944\" class=\"more-link\"><span>Read More &rarr;<\/span><\/a><\/span><\/p>\n","protected":false},"author":3,"featured_media":0,"comment_status":"closed","ping_status":"closed","sticky":false,"template":"","format":"standard","meta":{"footnotes":""},"categories":[1],"tags":[],"class_list":["post-944","post","type-post","status-publish","format-standard","hentry","category-non-classe"],"yoast_head":"<!-- This site is optimized with the Yoast SEO plugin v27.4 - https:\/\/yoast.com\/product\/yoast-seo-wordpress\/ -->\n<title>Le car\u00eame au Vatican - D\u00e9rives dans l&#039;eglise catholique<\/title>\n<meta name=\"robots\" content=\"index, follow, max-snippet:-1, max-image-preview:large, max-video-preview:-1\" \/>\n<link rel=\"canonical\" href=\"http:\/\/WWW.derivesdansleglisecatholique.fr\/?p=944\" \/>\n<meta property=\"og:locale\" content=\"fr_FR\" \/>\n<meta property=\"og:type\" content=\"article\" \/>\n<meta property=\"og:title\" content=\"Le car\u00eame au Vatican - D\u00e9rives dans l&#039;eglise catholique\" \/>\n<meta property=\"og:description\" content=\"\u00a0. \u00ab\u00a0Le P\u00e8re Raniero Cantalamessa pr\u00e9dicateur de la maison pontificale pr\u00eache les m\u00e9ditations du car\u00eame.\u00a0\u00bb . La troisi\u00e8me m\u00e9ditation du 24 mars 2017, est diffus\u00e9e sur le site de Radio\u00a0 Vatican : http:\/\/fr.radiovaticana.va\/news\/2017\/03\/24\/troisi%C3%A8me_m%C3%A9ditation_de_car%C3%AAme_ du_p%C3%A8re_cantalamessa\/1300835 . Reprise sur le site de Zenit\u00a0: https:\/\/fr.zenit.org\/articles\/le-christianisme-nest-pas-fait-pour-augmenter-la-peur-de-la-mort-mais-pour-lenlever\/ \u00a0. Elle \u00a0donne d\u00e8s les premi\u00e8res lignes,\u00a0 une information int\u00e9ressante\u00a0: \u00a0. \u00ab\u00a01. L\u2019Esprit &hellip; Read More &rarr;\" \/>\n<meta property=\"og:url\" content=\"http:\/\/WWW.derivesdansleglisecatholique.fr\/?p=944\" \/>\n<meta property=\"og:site_name\" content=\"D\u00e9rives dans l&#039;eglise catholique\" \/>\n<meta property=\"article:published_time\" content=\"2017-04-06T12:52:21+00:00\" \/>\n<meta name=\"author\" content=\"WYZ\" \/>\n<meta name=\"twitter:label1\" content=\"\u00c9crit par\" \/>\n\t<meta name=\"twitter:data1\" content=\"WYZ\" \/>\n\t<meta name=\"twitter:label2\" content=\"Dur\u00e9e de lecture estim\u00e9e\" \/>\n\t<meta name=\"twitter:data2\" content=\"4 minutes\" \/>\n<script type=\"application\/ld+json\" class=\"yoast-schema-graph\">{\"@context\":\"https:\\\/\\\/schema.org\",\"@graph\":[{\"@type\":\"Article\",\"@id\":\"http:\\\/\\\/WWW.derivesdansleglisecatholique.fr\\\/?p=944#article\",\"isPartOf\":{\"@id\":\"http:\\\/\\\/WWW.derivesdansleglisecatholique.fr\\\/?p=944\"},\"author\":{\"name\":\"WYZ\",\"@id\":\"https:\\\/\\\/WWW.derivesdansleglisecatholique.fr\\\/#\\\/schema\\\/person\\\/ffb02afe1a91585220a46c7ee86ebb52\"},\"headline\":\"Le car\u00eame au Vatican\",\"datePublished\":\"2017-04-06T12:52:21+00:00\",\"mainEntityOfPage\":{\"@id\":\"http:\\\/\\\/WWW.derivesdansleglisecatholique.fr\\\/?p=944\"},\"wordCount\":847,\"inLanguage\":\"fr-FR\"},{\"@type\":\"WebPage\",\"@id\":\"http:\\\/\\\/WWW.derivesdansleglisecatholique.fr\\\/?p=944\",\"url\":\"http:\\\/\\\/WWW.derivesdansleglisecatholique.fr\\\/?p=944\",\"name\":\"Le car\u00eame au Vatican - D\u00e9rives dans l&#039;eglise catholique\",\"isPartOf\":{\"@id\":\"https:\\\/\\\/WWW.derivesdansleglisecatholique.fr\\\/#website\"},\"datePublished\":\"2017-04-06T12:52:21+00:00\",\"author\":{\"@id\":\"https:\\\/\\\/WWW.derivesdansleglisecatholique.fr\\\/#\\\/schema\\\/person\\\/ffb02afe1a91585220a46c7ee86ebb52\"},\"breadcrumb\":{\"@id\":\"http:\\\/\\\/WWW.derivesdansleglisecatholique.fr\\\/?p=944#breadcrumb\"},\"inLanguage\":\"fr-FR\",\"potentialAction\":[{\"@type\":\"ReadAction\",\"target\":[\"http:\\\/\\\/WWW.derivesdansleglisecatholique.fr\\\/?p=944\"]}]},{\"@type\":\"BreadcrumbList\",\"@id\":\"http:\\\/\\\/WWW.derivesdansleglisecatholique.fr\\\/?p=944#breadcrumb\",\"itemListElement\":[{\"@type\":\"ListItem\",\"position\":1,\"name\":\"Accueil\",\"item\":\"https:\\\/\\\/WWW.derivesdansleglisecatholique.fr\\\/\"},{\"@type\":\"ListItem\",\"position\":2,\"name\":\"Le car\u00eame au Vatican\"}]},{\"@type\":\"WebSite\",\"@id\":\"https:\\\/\\\/WWW.derivesdansleglisecatholique.fr\\\/#website\",\"url\":\"https:\\\/\\\/WWW.derivesdansleglisecatholique.fr\\\/\",\"name\":\"D\u00e9rives dans l&#039;eglise catholique\",\"description\":\"Justice et V\u00e9rit\u00e9 pour les familles\",\"potentialAction\":[{\"@type\":\"SearchAction\",\"target\":{\"@type\":\"EntryPoint\",\"urlTemplate\":\"https:\\\/\\\/WWW.derivesdansleglisecatholique.fr\\\/?s={search_term_string}\"},\"query-input\":{\"@type\":\"PropertyValueSpecification\",\"valueRequired\":true,\"valueName\":\"search_term_string\"}}],\"inLanguage\":\"fr-FR\"},{\"@type\":\"Person\",\"@id\":\"https:\\\/\\\/WWW.derivesdansleglisecatholique.fr\\\/#\\\/schema\\\/person\\\/ffb02afe1a91585220a46c7ee86ebb52\",\"name\":\"WYZ\",\"image\":{\"@type\":\"ImageObject\",\"inLanguage\":\"fr-FR\",\"@id\":\"https:\\\/\\\/secure.gravatar.com\\\/avatar\\\/a89d00b3ba7470cc3ee7cd3383b662f0ffff221bd43470000a0b0e1c236977ff?s=96&r=g\",\"url\":\"https:\\\/\\\/secure.gravatar.com\\\/avatar\\\/a89d00b3ba7470cc3ee7cd3383b662f0ffff221bd43470000a0b0e1c236977ff?s=96&r=g\",\"contentUrl\":\"https:\\\/\\\/secure.gravatar.com\\\/avatar\\\/a89d00b3ba7470cc3ee7cd3383b662f0ffff221bd43470000a0b0e1c236977ff?s=96&r=g\",\"caption\":\"WYZ\"},\"url\":\"http:\\\/\\\/WWW.derivesdansleglisecatholique.fr\\\/?author=3\"}]}<\/script>\n<!-- \/ Yoast SEO plugin. -->","yoast_head_json":{"title":"Le car\u00eame au Vatican - D\u00e9rives dans l&#039;eglise catholique","robots":{"index":"index","follow":"follow","max-snippet":"max-snippet:-1","max-image-preview":"max-image-preview:large","max-video-preview":"max-video-preview:-1"},"canonical":"http:\/\/WWW.derivesdansleglisecatholique.fr\/?p=944","og_locale":"fr_FR","og_type":"article","og_title":"Le car\u00eame au Vatican - D\u00e9rives dans l&#039;eglise catholique","og_description":"\u00a0. \u00ab\u00a0Le P\u00e8re Raniero Cantalamessa pr\u00e9dicateur de la maison pontificale pr\u00eache les m\u00e9ditations du car\u00eame.\u00a0\u00bb . La troisi\u00e8me m\u00e9ditation du 24 mars 2017, est diffus\u00e9e sur le site de Radio\u00a0 Vatican : http:\/\/fr.radiovaticana.va\/news\/2017\/03\/24\/troisi%C3%A8me_m%C3%A9ditation_de_car%C3%AAme_ du_p%C3%A8re_cantalamessa\/1300835 . Reprise sur le site de Zenit\u00a0: https:\/\/fr.zenit.org\/articles\/le-christianisme-nest-pas-fait-pour-augmenter-la-peur-de-la-mort-mais-pour-lenlever\/ \u00a0. Elle \u00a0donne d\u00e8s les premi\u00e8res lignes,\u00a0 une information int\u00e9ressante\u00a0: \u00a0. \u00ab\u00a01. L\u2019Esprit &hellip; Read More &rarr;","og_url":"http:\/\/WWW.derivesdansleglisecatholique.fr\/?p=944","og_site_name":"D\u00e9rives dans l&#039;eglise catholique","article_published_time":"2017-04-06T12:52:21+00:00","author":"WYZ","twitter_misc":{"\u00c9crit par":"WYZ","Dur\u00e9e de lecture estim\u00e9e":"4 minutes"},"schema":{"@context":"https:\/\/schema.org","@graph":[{"@type":"Article","@id":"http:\/\/WWW.derivesdansleglisecatholique.fr\/?p=944#article","isPartOf":{"@id":"http:\/\/WWW.derivesdansleglisecatholique.fr\/?p=944"},"author":{"name":"WYZ","@id":"https:\/\/WWW.derivesdansleglisecatholique.fr\/#\/schema\/person\/ffb02afe1a91585220a46c7ee86ebb52"},"headline":"Le car\u00eame au Vatican","datePublished":"2017-04-06T12:52:21+00:00","mainEntityOfPage":{"@id":"http:\/\/WWW.derivesdansleglisecatholique.fr\/?p=944"},"wordCount":847,"inLanguage":"fr-FR"},{"@type":"WebPage","@id":"http:\/\/WWW.derivesdansleglisecatholique.fr\/?p=944","url":"http:\/\/WWW.derivesdansleglisecatholique.fr\/?p=944","name":"Le car\u00eame au Vatican - D\u00e9rives dans l&#039;eglise catholique","isPartOf":{"@id":"https:\/\/WWW.derivesdansleglisecatholique.fr\/#website"},"datePublished":"2017-04-06T12:52:21+00:00","author":{"@id":"https:\/\/WWW.derivesdansleglisecatholique.fr\/#\/schema\/person\/ffb02afe1a91585220a46c7ee86ebb52"},"breadcrumb":{"@id":"http:\/\/WWW.derivesdansleglisecatholique.fr\/?p=944#breadcrumb"},"inLanguage":"fr-FR","potentialAction":[{"@type":"ReadAction","target":["http:\/\/WWW.derivesdansleglisecatholique.fr\/?p=944"]}]},{"@type":"BreadcrumbList","@id":"http:\/\/WWW.derivesdansleglisecatholique.fr\/?p=944#breadcrumb","itemListElement":[{"@type":"ListItem","position":1,"name":"Accueil","item":"https:\/\/WWW.derivesdansleglisecatholique.fr\/"},{"@type":"ListItem","position":2,"name":"Le car\u00eame au Vatican"}]},{"@type":"WebSite","@id":"https:\/\/WWW.derivesdansleglisecatholique.fr\/#website","url":"https:\/\/WWW.derivesdansleglisecatholique.fr\/","name":"D\u00e9rives dans l&#039;eglise catholique","description":"Justice et V\u00e9rit\u00e9 pour les familles","potentialAction":[{"@type":"SearchAction","target":{"@type":"EntryPoint","urlTemplate":"https:\/\/WWW.derivesdansleglisecatholique.fr\/?s={search_term_string}"},"query-input":{"@type":"PropertyValueSpecification","valueRequired":true,"valueName":"search_term_string"}}],"inLanguage":"fr-FR"},{"@type":"Person","@id":"https:\/\/WWW.derivesdansleglisecatholique.fr\/#\/schema\/person\/ffb02afe1a91585220a46c7ee86ebb52","name":"WYZ","image":{"@type":"ImageObject","inLanguage":"fr-FR","@id":"https:\/\/secure.gravatar.com\/avatar\/a89d00b3ba7470cc3ee7cd3383b662f0ffff221bd43470000a0b0e1c236977ff?s=96&r=g","url":"https:\/\/secure.gravatar.com\/avatar\/a89d00b3ba7470cc3ee7cd3383b662f0ffff221bd43470000a0b0e1c236977ff?s=96&r=g","contentUrl":"https:\/\/secure.gravatar.com\/avatar\/a89d00b3ba7470cc3ee7cd3383b662f0ffff221bd43470000a0b0e1c236977ff?s=96&r=g","caption":"WYZ"},"url":"http:\/\/WWW.derivesdansleglisecatholique.fr\/?author=3"}]}},"_links":{"self":[{"href":"http:\/\/WWW.derivesdansleglisecatholique.fr\/index.php?rest_route=\/wp\/v2\/posts\/944","targetHints":{"allow":["GET"]}}],"collection":[{"href":"http:\/\/WWW.derivesdansleglisecatholique.fr\/index.php?rest_route=\/wp\/v2\/posts"}],"about":[{"href":"http:\/\/WWW.derivesdansleglisecatholique.fr\/index.php?rest_route=\/wp\/v2\/types\/post"}],"author":[{"embeddable":true,"href":"http:\/\/WWW.derivesdansleglisecatholique.fr\/index.php?rest_route=\/wp\/v2\/users\/3"}],"replies":[{"embeddable":true,"href":"http:\/\/WWW.derivesdansleglisecatholique.fr\/index.php?rest_route=%2Fwp%2Fv2%2Fcomments&post=944"}],"version-history":[{"count":1,"href":"http:\/\/WWW.derivesdansleglisecatholique.fr\/index.php?rest_route=\/wp\/v2\/posts\/944\/revisions"}],"predecessor-version":[{"id":945,"href":"http:\/\/WWW.derivesdansleglisecatholique.fr\/index.php?rest_route=\/wp\/v2\/posts\/944\/revisions\/945"}],"wp:attachment":[{"href":"http:\/\/WWW.derivesdansleglisecatholique.fr\/index.php?rest_route=%2Fwp%2Fv2%2Fmedia&parent=944"}],"wp:term":[{"taxonomy":"category","embeddable":true,"href":"http:\/\/WWW.derivesdansleglisecatholique.fr\/index.php?rest_route=%2Fwp%2Fv2%2Fcategories&post=944"},{"taxonomy":"post_tag","embeddable":true,"href":"http:\/\/WWW.derivesdansleglisecatholique.fr\/index.php?rest_route=%2Fwp%2Fv2%2Ftags&post=944"}],"curies":[{"name":"wp","href":"https:\/\/api.w.org\/{rel}","templated":true}]}}