{"id":948,"date":"2017-04-06T13:55:57","date_gmt":"2017-04-06T12:55:57","guid":{"rendered":"http:\/\/WWW.derivesdansleglisecatholique.fr\/?p=948"},"modified":"2017-04-06T13:55:57","modified_gmt":"2017-04-06T12:55:57","slug":"silence-de-leglise","status":"publish","type":"post","link":"http:\/\/WWW.derivesdansleglisecatholique.fr\/?p=948","title":{"rendered":"Le silence de l\u2019Eglise"},"content":{"rendered":"<p style=\"padding-left: 30px;\">\n<p style=\"padding-left: 30px;\"><span style=\"color: #ffcc99;\">.<\/span><\/p>\n<p style=\"padding-left: 30px;\"><span style=\"font-family: 'times new roman', times, serif; font-size: 12pt;\">La retraite de car\u00eame continue au Vatican. Cette m\u00e9ditation du P\u00e8re Micheleni est un examen de conscience qui s\u2019adresse au pape et aux cardinaux. On peut la lire sur le site\u00a0:<\/span><\/p>\n<p style=\"padding-left: 30px;\"><span style=\"color: #ffcc99;\">.<\/span><\/p>\n<p style=\"padding-left: 30px;\"><a href=\"https:\/\/fr.zenit.org\/articles\/retraite-de-careme-tenir-ensemble-lamour-de-dieu-et-celui-du-pauvre\/\">https:\/\/fr.zenit.org\/articles\/retraite-de-careme-tenir-ensemble-lamour-de-dieu-et-celui-du-pauvre\/<\/a><\/p>\n<p style=\"padding-left: 30px;\"><span style=\"color: #ffcc99;\">.<\/span><\/p>\n<p style=\"padding-left: 30px;\"><span style=\"font-family: 'times new roman', times, serif; font-size: 12pt;\">En voici quelques extraits dont les phrases que nous mettons en gras, \u00a0qui nous font r\u00e9agir\u00a0:<\/span><\/p>\n<p style=\"padding-left: 30px;\"><em>6 MARS 2017\u00a0<\/em><a href=\"https:\/\/fr.zenit.org\/articles\/author\/anitabourdin\/\"><em>ANITA BOURDIN<\/em><\/a><a href=\"https:\/\/fr.zenit.org\/articles\/category\/rome\/\"><em>ROME<\/em><\/a><\/p>\n<div id=\"attachment_815\" style=\"width: 310px\" class=\"wp-caption aligncenter\"><a href=\"http:\/\/derivesdansleglisecatholique.fr\/wp-content\/uploads\/2017\/03\/pape.jpg\"><img loading=\"lazy\" decoding=\"async\" aria-describedby=\"caption-attachment-815\" class=\"wp-image-815 size-medium\" src=\"http:\/\/derivesdansleglisecatholique.fr\/wp-content\/uploads\/2017\/03\/pape-300x207.jpg\" alt=\"\" width=\"300\" height=\"207\" \/><\/a><p id=\"caption-attachment-815\" class=\"wp-caption-text\">Retraite De Car\u00eame \u00c0 Ariccia \u00a9 L&rsquo;Osservatore Romano<\/p><\/div>\n<p style=\"padding-left: 30px;\"><span style=\"font-family: 'times new roman', times, serif; font-size: 12pt;\"><em>\u00a0<\/em><\/span><\/p>\n<p style=\"padding-left: 30px;\"><span style=\"font-family: 'times new roman', times, serif; font-size: 12pt;\"><em>\u00a0\u00ab\u00a0Les derni\u00e8res paroles de J\u00e9sus et le d\u00e9but de la Passion\u00a0\u00bb dans saint Matthieu ont fait l\u2019objet des deuxi\u00e8me et troisi\u00e8me m\u00e9ditations propos\u00e9es par le p\u00e8re Giulio Michelini, OFM, lors de la retraite du pape Fran\u00e7ois et de ses collaborateurs, \u00e0 Arriccia, ce lundi 6 mars 2017. (\u2026)\u00a0\u00bb<\/em><\/span><\/p>\n<p style=\"padding-left: 30px;\"><span style=\"color: #ffcc99;\">.<\/span><\/p>\n<p style=\"padding-left: 30px;\"><span style=\"font-family: 'times new roman', times, serif; font-size: 12pt;\"><strong><em>\u00ab\u00a0Mes silences et les professionnels du sacr\u00e9\u00a0\u00bb<\/em><\/strong><\/span><\/p>\n<p style=\"padding-left: 30px;\"><span style=\"color: #ffcc99;\">.<\/span><\/p>\n<p style=\"padding-left: 30px;\"><span style=\"font-family: 'times new roman', times, serif; font-size: 12pt;\"><strong><em>\u00ab\u00a0Il a invit\u00e9 \u00e0 s\u2019examiner\u00a0: de quel type sont mes silences\u00a0?<\/em><\/strong><em> \u201cEn pensant \u00e0 celui de J\u00e9sus, je me demande avant tout si je communique la foi par les paroles ou si ma vie est \u00e9vang\u00e9lisatrice. <strong>Je me demande ensuite de quel type sont mes silences, en relation avec la charge eccl\u00e9siale que j\u2019exerce\u00a0: si je suis coupable de silences qui n\u2019auraient pas d\u00fb \u00eatre.\u00a0\u00bb (\u2026)<\/strong><\/em><\/span><\/p>\n<p style=\"padding-left: 30px;\"><span style=\"color: #ffcc99;\">.<\/span><\/p>\n<p style=\"padding-left: 30px;\"><span style=\"font-family: 'times new roman', times, serif; font-size: 12pt;\">Les silences de l\u2019Eglise\u00a0!?&#8230; Ils sont les oubliettes des victimes de l\u2019emprise sectaire du psycho-spirituel. Comme ils l\u2019ont \u00e9t\u00e9 pendant des ann\u00e9es pour les victimes de p\u00e9dophilie. Des silences qui vont devenir pour certains des tombeaux.<\/span><\/p>\n<p style=\"padding-left: 30px;\"><span style=\"color: #ffcc99;\">.<\/span><\/p>\n<p style=\"padding-left: 30px;\"><span style=\"font-family: 'times new roman', times, serif; font-size: 12pt;\">On peut dire que dans cette retraite, les questions sont pos\u00e9es clairement par le P\u00e8re Michelini et que sa conclusion est celle d\u2019un homme qui regarde le mal en face\u00a0:<\/span><\/p>\n<p style=\"padding-left: 30px;\"><span style=\"font-family: 'times new roman', times, serif; font-size: 12pt;\"><strong><em>\u00ab\u00a0Le pr\u00e9dicateur a invit\u00e9 \u00e0 se poser la question\u00a0: suis-je un \u00ab\u00a0professionnel du sacr\u00e9\u00a0\u00bb, admettant des compromis pour sauver la face, l\u2019institution, au d\u00e9triment des droits des personnes\u00a0?\u00a0\u00bb<\/em><\/strong><\/span><\/p>\n<p style=\"padding-left: 30px;\"><span style=\"color: #ffcc99;\">.<\/span><\/p>\n<p style=\"padding-left: 30px;\"><span style=\"font-family: 'times new roman', times, serif; font-size: 12pt;\">Nous t\u00e9moignons dans ce site que durant des ann\u00e9es et encore aujourd\u2019hui, les responsables eccl\u00e9siaux auxquels nous nous sommes adress\u00e9s sont <em>\u00ab\u00a0coupables de silences qui n\u2019auraient pas d\u00fb \u00eatre<\/em>\u00a0\u00eatre \u00bb. Nous t\u00e9moignons que ceux qui auraient du prot\u00e9ger nos enfants\u00a0 ne sont que <em>\u00ab\u00a0 des professionnels du sacr\u00e9\u00a0\u00bb<\/em>. Nous t\u00e9moignons que \u00a0oui, l\u2019institution pour se prot\u00e9ger rejette les victimes en pi\u00e9tinant leurs droits. Y a t-\u00adil une pire violence\u00a0que cette double peine\u00a0: victime et rejet\u00e9e ? Ce qui laisse un boulevard aux pratiques psychosectaires qui continuent \u00e0 capter des jeunes et \u00e0 remplir les poches des gourous.<\/span><\/p>\n<p style=\"padding-left: 30px;\"><span style=\"color: #ffcc99;\">.<\/span><\/p>\n<p style=\"padding-left: 30px;\"><span style=\"font-family: 'times new roman', times, serif; font-size: 12pt;\">Tout comme un t\u00e9moignage diffus\u00e9 le 15 mars, dans T\u00e9l\u00e9matin, sur le Vatican. Le journaliste pr\u00e9cise \u00ab\u00a0<em>Un Pape venu de l\u2019autre bout du Monde qui place son pontificat sous le signe de la pauvret\u00e9 et de la simplicit\u00e9\u2026Loin des fastes et des protocoles de la Curie romaine. Il a entrepris une lutte contre la p\u00e9dophilie dans l\u2019Eglise en cr\u00e9ant une commission pour lutter contre les \u00e9v\u00eaques qui couvrent ces pr\u00eates p\u00e9dophiles, mais dont un membre vient de claquer la porte. Le Vatican freine des quatre fers et la r\u00e9forme a du mal \u00e0 progresser.<\/em>\u00a0\u00bb<\/span><\/p>\n<p style=\"padding-left: 30px;\">.<\/p>\n<p style=\"padding-left: 30px;\"><span style=\"font-family: 'times new roman', times, serif; font-size: 12pt;\">Le silence r\u00e8gne. Pourquoi\u00a0? Pour prot\u00e9ger qui\u00a0?<\/span><\/p>\n<p style=\"padding-left: 30px;\"><span style=\"color: #ffcc99;\">.<\/span><\/p>\n<p style=\"padding-left: 30px;\"><span style=\"font-family: 'times new roman', times, serif; font-size: 12pt;\">Loin de ces palais \u00e9piscopaux, nous terminerons ce billet en remerciant ces \u00a0hommes de foi et d\u2019humanit\u00e9 que nous avons rencontr\u00e9s, au fil de nos ann\u00e9es, dans des pr\u00eatres de paroisses ou d\u2019humbles religieux. Ils nous ont accueillis et aid\u00e9s, en fr\u00e8res, comme le regrett\u00e9 P\u00e8re Trouslard l\u2019a fait pour tant et tant de victimes. Ils n\u2019ont pas besoin qu\u2019on leur pr\u00eache le car\u00eame, ils le vivent. Nous en t\u00e9moignons.<\/span><\/p>\n<p style=\"padding-left: 30px;\"><span style=\"color: #ffcc99;\">.<\/span><\/p>\n<p style=\"padding-left: 30px;\"><span style=\"color: #ffcc99;\">.<\/span><\/p>\n<p style=\"padding-left: 30px;\">\n","protected":false},"excerpt":{"rendered":"<p>. La retraite de car\u00eame continue au Vatican. Cette m\u00e9ditation du P\u00e8re Micheleni est un examen de conscience qui s\u2019adresse au pape et aux cardinaux. On peut la lire sur le site\u00a0: . https:\/\/fr.zenit.org\/articles\/retraite-de-careme-tenir-ensemble-lamour-de-dieu-et-celui-du-pauvre\/ . En voici quelques extraits dont les phrases que nous mettons en gras, \u00a0qui nous font r\u00e9agir\u00a0: 6 MARS 2017\u00a0ANITA BOURDINROME <span class=\"ellipsis\">&hellip;<\/span> <span class=\"more-link-wrap\"><a href=\"http:\/\/WWW.derivesdansleglisecatholique.fr\/?p=948\" class=\"more-link\"><span>Read More &rarr;<\/span><\/a><\/span><\/p>\n","protected":false},"author":3,"featured_media":0,"comment_status":"closed","ping_status":"closed","sticky":false,"template":"","format":"standard","meta":{"footnotes":""},"categories":[1],"tags":[],"class_list":["post-948","post","type-post","status-publish","format-standard","hentry","category-non-classe"],"yoast_head":"<!-- This site is optimized with the Yoast SEO plugin v27.4 - https:\/\/yoast.com\/product\/yoast-seo-wordpress\/ -->\n<title>Le silence de l\u2019Eglise - D\u00e9rives dans l&#039;eglise catholique<\/title>\n<meta name=\"robots\" content=\"index, follow, max-snippet:-1, max-image-preview:large, max-video-preview:-1\" \/>\n<link rel=\"canonical\" href=\"http:\/\/WWW.derivesdansleglisecatholique.fr\/?p=948\" \/>\n<meta property=\"og:locale\" content=\"fr_FR\" \/>\n<meta property=\"og:type\" content=\"article\" \/>\n<meta property=\"og:title\" content=\"Le silence de l\u2019Eglise - D\u00e9rives dans l&#039;eglise catholique\" \/>\n<meta property=\"og:description\" content=\". La retraite de car\u00eame continue au Vatican. Cette m\u00e9ditation du P\u00e8re Micheleni est un examen de conscience qui s\u2019adresse au pape et aux cardinaux. On peut la lire sur le site\u00a0: . https:\/\/fr.zenit.org\/articles\/retraite-de-careme-tenir-ensemble-lamour-de-dieu-et-celui-du-pauvre\/ . En voici quelques extraits dont les phrases que nous mettons en gras, \u00a0qui nous font r\u00e9agir\u00a0: 6 MARS 2017\u00a0ANITA BOURDINROME &hellip; Read More &rarr;\" \/>\n<meta property=\"og:url\" content=\"http:\/\/WWW.derivesdansleglisecatholique.fr\/?p=948\" \/>\n<meta property=\"og:site_name\" content=\"D\u00e9rives dans l&#039;eglise catholique\" \/>\n<meta property=\"article:published_time\" content=\"2017-04-06T12:55:57+00:00\" \/>\n<meta property=\"og:image\" content=\"http:\/\/derivesdansleglisecatholique.fr\/wp-content\/uploads\/2017\/03\/pape-300x207.jpg\" \/>\n<meta name=\"author\" content=\"WYZ\" \/>\n<meta name=\"twitter:label1\" content=\"\u00c9crit par\" \/>\n\t<meta name=\"twitter:data1\" content=\"WYZ\" \/>\n\t<meta name=\"twitter:label2\" content=\"Dur\u00e9e de lecture estim\u00e9e\" \/>\n\t<meta name=\"twitter:data2\" content=\"3 minutes\" \/>\n<script type=\"application\/ld+json\" class=\"yoast-schema-graph\">{\"@context\":\"https:\\\/\\\/schema.org\",\"@graph\":[{\"@type\":\"Article\",\"@id\":\"http:\\\/\\\/WWW.derivesdansleglisecatholique.fr\\\/?p=948#article\",\"isPartOf\":{\"@id\":\"http:\\\/\\\/WWW.derivesdansleglisecatholique.fr\\\/?p=948\"},\"author\":{\"name\":\"WYZ\",\"@id\":\"https:\\\/\\\/WWW.derivesdansleglisecatholique.fr\\\/#\\\/schema\\\/person\\\/ffb02afe1a91585220a46c7ee86ebb52\"},\"headline\":\"Le silence de l\u2019Eglise\",\"datePublished\":\"2017-04-06T12:55:57+00:00\",\"mainEntityOfPage\":{\"@id\":\"http:\\\/\\\/WWW.derivesdansleglisecatholique.fr\\\/?p=948\"},\"wordCount\":621,\"image\":{\"@id\":\"http:\\\/\\\/WWW.derivesdansleglisecatholique.fr\\\/?p=948#primaryimage\"},\"thumbnailUrl\":\"http:\\\/\\\/derivesdansleglisecatholique.fr\\\/wp-content\\\/uploads\\\/2017\\\/03\\\/pape-300x207.jpg\",\"inLanguage\":\"fr-FR\"},{\"@type\":\"WebPage\",\"@id\":\"http:\\\/\\\/WWW.derivesdansleglisecatholique.fr\\\/?p=948\",\"url\":\"http:\\\/\\\/WWW.derivesdansleglisecatholique.fr\\\/?p=948\",\"name\":\"Le silence de l\u2019Eglise - D\u00e9rives dans l&#039;eglise catholique\",\"isPartOf\":{\"@id\":\"https:\\\/\\\/WWW.derivesdansleglisecatholique.fr\\\/#website\"},\"primaryImageOfPage\":{\"@id\":\"http:\\\/\\\/WWW.derivesdansleglisecatholique.fr\\\/?p=948#primaryimage\"},\"image\":{\"@id\":\"http:\\\/\\\/WWW.derivesdansleglisecatholique.fr\\\/?p=948#primaryimage\"},\"thumbnailUrl\":\"http:\\\/\\\/derivesdansleglisecatholique.fr\\\/wp-content\\\/uploads\\\/2017\\\/03\\\/pape-300x207.jpg\",\"datePublished\":\"2017-04-06T12:55:57+00:00\",\"author\":{\"@id\":\"https:\\\/\\\/WWW.derivesdansleglisecatholique.fr\\\/#\\\/schema\\\/person\\\/ffb02afe1a91585220a46c7ee86ebb52\"},\"breadcrumb\":{\"@id\":\"http:\\\/\\\/WWW.derivesdansleglisecatholique.fr\\\/?p=948#breadcrumb\"},\"inLanguage\":\"fr-FR\",\"potentialAction\":[{\"@type\":\"ReadAction\",\"target\":[\"http:\\\/\\\/WWW.derivesdansleglisecatholique.fr\\\/?p=948\"]}]},{\"@type\":\"ImageObject\",\"inLanguage\":\"fr-FR\",\"@id\":\"http:\\\/\\\/WWW.derivesdansleglisecatholique.fr\\\/?p=948#primaryimage\",\"url\":\"http:\\\/\\\/derivesdansleglisecatholique.fr\\\/wp-content\\\/uploads\\\/2017\\\/03\\\/pape-300x207.jpg\",\"contentUrl\":\"http:\\\/\\\/derivesdansleglisecatholique.fr\\\/wp-content\\\/uploads\\\/2017\\\/03\\\/pape-300x207.jpg\"},{\"@type\":\"BreadcrumbList\",\"@id\":\"http:\\\/\\\/WWW.derivesdansleglisecatholique.fr\\\/?p=948#breadcrumb\",\"itemListElement\":[{\"@type\":\"ListItem\",\"position\":1,\"name\":\"Accueil\",\"item\":\"https:\\\/\\\/WWW.derivesdansleglisecatholique.fr\\\/\"},{\"@type\":\"ListItem\",\"position\":2,\"name\":\"Le silence de l\u2019Eglise\"}]},{\"@type\":\"WebSite\",\"@id\":\"https:\\\/\\\/WWW.derivesdansleglisecatholique.fr\\\/#website\",\"url\":\"https:\\\/\\\/WWW.derivesdansleglisecatholique.fr\\\/\",\"name\":\"D\u00e9rives dans l&#039;eglise catholique\",\"description\":\"Justice et V\u00e9rit\u00e9 pour les familles\",\"potentialAction\":[{\"@type\":\"SearchAction\",\"target\":{\"@type\":\"EntryPoint\",\"urlTemplate\":\"https:\\\/\\\/WWW.derivesdansleglisecatholique.fr\\\/?s={search_term_string}\"},\"query-input\":{\"@type\":\"PropertyValueSpecification\",\"valueRequired\":true,\"valueName\":\"search_term_string\"}}],\"inLanguage\":\"fr-FR\"},{\"@type\":\"Person\",\"@id\":\"https:\\\/\\\/WWW.derivesdansleglisecatholique.fr\\\/#\\\/schema\\\/person\\\/ffb02afe1a91585220a46c7ee86ebb52\",\"name\":\"WYZ\",\"image\":{\"@type\":\"ImageObject\",\"inLanguage\":\"fr-FR\",\"@id\":\"https:\\\/\\\/secure.gravatar.com\\\/avatar\\\/a89d00b3ba7470cc3ee7cd3383b662f0ffff221bd43470000a0b0e1c236977ff?s=96&r=g\",\"url\":\"https:\\\/\\\/secure.gravatar.com\\\/avatar\\\/a89d00b3ba7470cc3ee7cd3383b662f0ffff221bd43470000a0b0e1c236977ff?s=96&r=g\",\"contentUrl\":\"https:\\\/\\\/secure.gravatar.com\\\/avatar\\\/a89d00b3ba7470cc3ee7cd3383b662f0ffff221bd43470000a0b0e1c236977ff?s=96&r=g\",\"caption\":\"WYZ\"},\"url\":\"http:\\\/\\\/WWW.derivesdansleglisecatholique.fr\\\/?author=3\"}]}<\/script>\n<!-- \/ Yoast SEO plugin. -->","yoast_head_json":{"title":"Le silence de l\u2019Eglise - D\u00e9rives dans l&#039;eglise catholique","robots":{"index":"index","follow":"follow","max-snippet":"max-snippet:-1","max-image-preview":"max-image-preview:large","max-video-preview":"max-video-preview:-1"},"canonical":"http:\/\/WWW.derivesdansleglisecatholique.fr\/?p=948","og_locale":"fr_FR","og_type":"article","og_title":"Le silence de l\u2019Eglise - D\u00e9rives dans l&#039;eglise catholique","og_description":". La retraite de car\u00eame continue au Vatican. Cette m\u00e9ditation du P\u00e8re Micheleni est un examen de conscience qui s\u2019adresse au pape et aux cardinaux. On peut la lire sur le site\u00a0: . https:\/\/fr.zenit.org\/articles\/retraite-de-careme-tenir-ensemble-lamour-de-dieu-et-celui-du-pauvre\/ . En voici quelques extraits dont les phrases que nous mettons en gras, \u00a0qui nous font r\u00e9agir\u00a0: 6 MARS 2017\u00a0ANITA BOURDINROME &hellip; Read More &rarr;","og_url":"http:\/\/WWW.derivesdansleglisecatholique.fr\/?p=948","og_site_name":"D\u00e9rives dans l&#039;eglise catholique","article_published_time":"2017-04-06T12:55:57+00:00","og_image":[{"url":"http:\/\/derivesdansleglisecatholique.fr\/wp-content\/uploads\/2017\/03\/pape-300x207.jpg","type":"","width":"","height":""}],"author":"WYZ","twitter_misc":{"\u00c9crit par":"WYZ","Dur\u00e9e de lecture estim\u00e9e":"3 minutes"},"schema":{"@context":"https:\/\/schema.org","@graph":[{"@type":"Article","@id":"http:\/\/WWW.derivesdansleglisecatholique.fr\/?p=948#article","isPartOf":{"@id":"http:\/\/WWW.derivesdansleglisecatholique.fr\/?p=948"},"author":{"name":"WYZ","@id":"https:\/\/WWW.derivesdansleglisecatholique.fr\/#\/schema\/person\/ffb02afe1a91585220a46c7ee86ebb52"},"headline":"Le silence de l\u2019Eglise","datePublished":"2017-04-06T12:55:57+00:00","mainEntityOfPage":{"@id":"http:\/\/WWW.derivesdansleglisecatholique.fr\/?p=948"},"wordCount":621,"image":{"@id":"http:\/\/WWW.derivesdansleglisecatholique.fr\/?p=948#primaryimage"},"thumbnailUrl":"http:\/\/derivesdansleglisecatholique.fr\/wp-content\/uploads\/2017\/03\/pape-300x207.jpg","inLanguage":"fr-FR"},{"@type":"WebPage","@id":"http:\/\/WWW.derivesdansleglisecatholique.fr\/?p=948","url":"http:\/\/WWW.derivesdansleglisecatholique.fr\/?p=948","name":"Le silence de l\u2019Eglise - D\u00e9rives dans l&#039;eglise catholique","isPartOf":{"@id":"https:\/\/WWW.derivesdansleglisecatholique.fr\/#website"},"primaryImageOfPage":{"@id":"http:\/\/WWW.derivesdansleglisecatholique.fr\/?p=948#primaryimage"},"image":{"@id":"http:\/\/WWW.derivesdansleglisecatholique.fr\/?p=948#primaryimage"},"thumbnailUrl":"http:\/\/derivesdansleglisecatholique.fr\/wp-content\/uploads\/2017\/03\/pape-300x207.jpg","datePublished":"2017-04-06T12:55:57+00:00","author":{"@id":"https:\/\/WWW.derivesdansleglisecatholique.fr\/#\/schema\/person\/ffb02afe1a91585220a46c7ee86ebb52"},"breadcrumb":{"@id":"http:\/\/WWW.derivesdansleglisecatholique.fr\/?p=948#breadcrumb"},"inLanguage":"fr-FR","potentialAction":[{"@type":"ReadAction","target":["http:\/\/WWW.derivesdansleglisecatholique.fr\/?p=948"]}]},{"@type":"ImageObject","inLanguage":"fr-FR","@id":"http:\/\/WWW.derivesdansleglisecatholique.fr\/?p=948#primaryimage","url":"http:\/\/derivesdansleglisecatholique.fr\/wp-content\/uploads\/2017\/03\/pape-300x207.jpg","contentUrl":"http:\/\/derivesdansleglisecatholique.fr\/wp-content\/uploads\/2017\/03\/pape-300x207.jpg"},{"@type":"BreadcrumbList","@id":"http:\/\/WWW.derivesdansleglisecatholique.fr\/?p=948#breadcrumb","itemListElement":[{"@type":"ListItem","position":1,"name":"Accueil","item":"https:\/\/WWW.derivesdansleglisecatholique.fr\/"},{"@type":"ListItem","position":2,"name":"Le silence de l\u2019Eglise"}]},{"@type":"WebSite","@id":"https:\/\/WWW.derivesdansleglisecatholique.fr\/#website","url":"https:\/\/WWW.derivesdansleglisecatholique.fr\/","name":"D\u00e9rives dans l&#039;eglise catholique","description":"Justice et V\u00e9rit\u00e9 pour les familles","potentialAction":[{"@type":"SearchAction","target":{"@type":"EntryPoint","urlTemplate":"https:\/\/WWW.derivesdansleglisecatholique.fr\/?s={search_term_string}"},"query-input":{"@type":"PropertyValueSpecification","valueRequired":true,"valueName":"search_term_string"}}],"inLanguage":"fr-FR"},{"@type":"Person","@id":"https:\/\/WWW.derivesdansleglisecatholique.fr\/#\/schema\/person\/ffb02afe1a91585220a46c7ee86ebb52","name":"WYZ","image":{"@type":"ImageObject","inLanguage":"fr-FR","@id":"https:\/\/secure.gravatar.com\/avatar\/a89d00b3ba7470cc3ee7cd3383b662f0ffff221bd43470000a0b0e1c236977ff?s=96&r=g","url":"https:\/\/secure.gravatar.com\/avatar\/a89d00b3ba7470cc3ee7cd3383b662f0ffff221bd43470000a0b0e1c236977ff?s=96&r=g","contentUrl":"https:\/\/secure.gravatar.com\/avatar\/a89d00b3ba7470cc3ee7cd3383b662f0ffff221bd43470000a0b0e1c236977ff?s=96&r=g","caption":"WYZ"},"url":"http:\/\/WWW.derivesdansleglisecatholique.fr\/?author=3"}]}},"_links":{"self":[{"href":"http:\/\/WWW.derivesdansleglisecatholique.fr\/index.php?rest_route=\/wp\/v2\/posts\/948","targetHints":{"allow":["GET"]}}],"collection":[{"href":"http:\/\/WWW.derivesdansleglisecatholique.fr\/index.php?rest_route=\/wp\/v2\/posts"}],"about":[{"href":"http:\/\/WWW.derivesdansleglisecatholique.fr\/index.php?rest_route=\/wp\/v2\/types\/post"}],"author":[{"embeddable":true,"href":"http:\/\/WWW.derivesdansleglisecatholique.fr\/index.php?rest_route=\/wp\/v2\/users\/3"}],"replies":[{"embeddable":true,"href":"http:\/\/WWW.derivesdansleglisecatholique.fr\/index.php?rest_route=%2Fwp%2Fv2%2Fcomments&post=948"}],"version-history":[{"count":1,"href":"http:\/\/WWW.derivesdansleglisecatholique.fr\/index.php?rest_route=\/wp\/v2\/posts\/948\/revisions"}],"predecessor-version":[{"id":949,"href":"http:\/\/WWW.derivesdansleglisecatholique.fr\/index.php?rest_route=\/wp\/v2\/posts\/948\/revisions\/949"}],"wp:attachment":[{"href":"http:\/\/WWW.derivesdansleglisecatholique.fr\/index.php?rest_route=%2Fwp%2Fv2%2Fmedia&parent=948"}],"wp:term":[{"taxonomy":"category","embeddable":true,"href":"http:\/\/WWW.derivesdansleglisecatholique.fr\/index.php?rest_route=%2Fwp%2Fv2%2Fcategories&post=948"},{"taxonomy":"post_tag","embeddable":true,"href":"http:\/\/WWW.derivesdansleglisecatholique.fr\/index.php?rest_route=%2Fwp%2Fv2%2Ftags&post=948"}],"curies":[{"name":"wp","href":"https:\/\/api.w.org\/{rel}","templated":true}]}}