{"id":950,"date":"2017-04-06T13:57:02","date_gmt":"2017-04-06T12:57:02","guid":{"rendered":"http:\/\/WWW.derivesdansleglisecatholique.fr\/?p=950"},"modified":"2017-04-06T14:17:05","modified_gmt":"2017-04-06T13:17:05","slug":"jeune-explique-aux-hypocrites","status":"publish","type":"post","link":"http:\/\/WWW.derivesdansleglisecatholique.fr\/?p=950","title":{"rendered":"Le je\u00fbne expliqu\u00e9 aux hypocrites"},"content":{"rendered":"<p style=\"padding-left: 30px;\"><span style=\"font-family: 'times new roman', times, serif; font-size: 12pt; color: #ffcc99;\">.<\/span><\/p>\n<p style=\"padding-left: 30px;\"><span style=\"font-family: 'times new roman', times, serif; font-size: 12pt;\">Ce texte du Pape Fran\u00e7ois que vous trouverez sur le site\u00a0:<\/span><\/p>\n<p style=\"padding-left: 30px;\"><span style=\"font-family: 'times new roman', times, serif; font-size: 12pt; color: #ffcc99;\">.<\/span><\/p>\n<p style=\"padding-left: 30px;\"><span style=\"font-family: 'times new roman', times, serif; font-size: 12pt;\"><a href=\"http:\/\/fr.aleteia.org\/2017\/03\/05\/le-jeune-du-careme-explique-aux-hypocrites\/\">http:\/\/fr.aleteia.org\/2017\/03\/05\/le-jeune-du-careme-explique-aux-hypocrites\/<\/a><\/span><\/p>\n<p style=\"padding-left: 30px;\"><span style=\"font-family: 'times new roman', times, serif; font-size: 12pt; color: #ffcc99;\">.<\/span><\/p>\n<p style=\"padding-left: 30px;\"><span style=\"font-family: 'times new roman', times, serif; font-size: 12pt;\">et dont nous tirons des extraits\u00a0 qui m\u00e9ritent quelques commentaires\u00a0:<\/span><\/p>\n<p style=\"padding-left: 30px;\"><span style=\"font-family: 'times new roman', times, serif; font-size: 12pt; color: #ffcc99;\">.<\/span><\/p>\n<p style=\"padding-left: 30px;\"><span style=\"font-family: 'times new roman', times, serif; font-size: 12pt;\"><strong><em>\u00ab\u00a0Le je\u00fbne du Car\u00eame expliqu\u00e9 aux \u00ab hypocrites \u00bb<\/em><\/strong><\/span><\/p>\n<p style=\"padding-left: 30px;\"><span style=\"font-family: 'times new roman', times, serif; font-size: 12pt;\"><em>Le Saint-P\u00e8re met une fois de plus en garde les catholiques contre le manque de<\/em><\/span><\/p>\n<p style=\"padding-left: 30px;\"><span style=\"font-family: 'times new roman', times, serif; font-size: 12pt;\"><em>coh\u00e9rence et sinc\u00e9rit\u00e9.<\/em><\/span><\/p>\n<p style=\"padding-left: 30px;\"><span style=\"font-family: 'times new roman', times, serif; font-size: 12pt;\"><em>\u00a0<span style=\"color: #ffcc99;\">.<\/span><\/em><\/span><\/p>\n<p style=\"padding-left: 30px;\"><span style=\"font-family: 'times new roman', times, serif; font-size: 12pt;\"><em>\u00ab\u00a0Le je\u00fbne est un acte de \u00ab\u00a0p\u00e9nitence\u00a0\u00bb qui doit se pratiquer en \u00e9tant g\u00e9n\u00e9reux\u00a0avec son prochain, en \u00ab\u00a0lui pr\u00eatant assistance\u00a0\u00bb a redit le Pape \u2026\u00a0\u00bb<\/em><\/span><\/p>\n<p style=\"padding-left: 30px;\"><span style=\"font-family: 'times new roman', times, serif; font-size: 12pt;\"><em>(\u2026)<\/em><\/span><\/p>\n<p style=\"padding-left: 30px;\"><span style=\"font-family: 'times new roman', times, serif; font-size: 12pt; color: #ffcc99;\">.<\/span><\/p>\n<p style=\"padding-left: 30px;\"><span style=\"font-family: 'times new roman', times, serif; font-size: 12pt;\"><strong><em>Aux hypocrites<\/em><\/strong><\/span><\/p>\n<p style=\"padding-left: 30px;\"><span style=\"font-family: 'times new roman', times, serif; font-size: 12pt; color: #ffcc99;\">.<\/span><\/p>\n<p style=\"padding-left: 30px;\"><span style=\"font-family: 'times new roman', times, serif; font-size: 12pt;\"><em>\u00ab\u00a0Le Seigneur demande un je\u00fbne \u00ab\u00a0vrai, sinc\u00e8re, coh\u00e9rent\u00a0\u00bb. Dans la premi\u00e8re lecture du jour, tir\u00e9e du livre d\u2019Isa\u00efe \u2013 <\/em><strong><em>\u00ab<\/em><\/strong><strong><em>\u00a0<\/em><\/strong><a href=\"https:\/\/www.aelf.org\/2017-03-03\/romain\/messe#messe1_lecture1\"><strong><em>Est-ce l\u00e0 le je\u00fbne qui me pla\u00eet ?<\/em><\/strong><\/a><strong><em>\u00a0<\/em><\/strong><strong><em>\u00bb (Is 58, 1-9a)<\/em><\/strong><em>\u00a0 \u2013\u00a0\u00bb<\/em><\/span><\/p>\n<p style=\"padding-left: 30px;\"><span style=\"font-family: 'times new roman', times, serif; font-size: 12pt;\"><em>(\u2026)<\/em><\/span><\/p>\n<p style=\"padding-left: 30px;\"><span style=\"font-family: 'times new roman', times, serif; font-size: 12pt; color: #ffcc99;\">.<\/span><\/p>\n<p style=\"padding-left: 30px;\"><span style=\"font-family: 'times new roman', times, serif; font-size: 12pt;\"><strong><em>\u00ab\u00a0Comment je\u00fbnons-nous\u00a0?\u00a0\u00bb<\/em><\/strong><\/span><\/p>\n<p style=\"padding-left: 30px;\"><span style=\"font-family: 'times new roman', times, serif; font-size: 12pt;\"><em>\u00ab\u00a0Dans le livre d\u2019Isa\u00efe, il est dit \u00ab\u00a0ce n\u2019est pas en je\u00fbnant comme vous le faites aujourd\u2019hui que vous ferez entendre l\u00e0-haut votre voix\u00a0\u00bb. (\u2026) Et de rappeler, en ce premier vendredi de Car\u00eame, les caract\u00e9ristiques du je\u00fbne qui pla\u00eet alors \u00e0 Dieu\u00a0: \u00ab\u00a0Faire tomber les cha\u00eenes injustes, d\u00e9lier les attaches du joug, rendre la libert\u00e9 aux opprim\u00e9s, briser tous les jougs\u00a0\u00bb. Ou encore \u00ab\u00a0partager son pain\u00a0\u00bb avec celui qui a faim, \u00ab\u00a0accueillir\u00a0\u00bb chez soi les pauvres sans abri, \u00ab\u00a0couvrir\u00a0\u00bb celui que l\u2019on voit sans v\u00eatement, \u00ab\u00a0ne pas se d\u00e9rober \u00e0 son semblable\u00a0\u00bb.<\/em><\/span><\/p>\n<p style=\"padding-left: 30px;\"><span style=\"font-family: 'times new roman', times, serif; font-size: 12pt; color: #ffcc99;\">.<\/span><\/p>\n<p style=\"padding-left: 30px;\"><span style=\"font-family: 'times new roman', times, serif; font-size: 12pt;\">Sur ce lien <a href=\"https:\/\/www.aelf.org\/2017-03-03\/romain\/messe#messe1_lecture1\">https:\/\/www.aelf.org\/2017-03-03\/romain\/messe#messe1_lecture1<\/a> vous trouverez le texte d\u2019Isa\u00efe dont un passage concerne plus particuli\u00e8rement nos enfants\u00a0:<\/span><\/p>\n<p style=\"padding-left: 30px;\"><span style=\"font-family: 'times new roman', times, serif; font-size: 12pt; color: #ffcc99;\">.<\/span><\/p>\n<p style=\"padding-left: 30px;\"><span style=\"font-family: 'times new roman', times, serif; font-size: 12pt;\"><strong>\u00ab\u00a0 (\u2026) Le je\u00fbne qui me pla\u00eet, n\u2019est-ce pas ceci :<br \/>\nfaire tomber les cha\u00eenes injustes,<br \/>\nd\u00e9lier les attaches du joug,<br \/>\nrendre la libert\u00e9 aux opprim\u00e9s,<br \/>\nbriser tous les jougs ? (\u2026)\u00a0\u00bb<\/strong><\/span><\/p>\n<p style=\"padding-left: 30px;\"><span style=\"font-family: 'times new roman', times, serif; font-size: 12pt; color: #ffcc99;\">.<\/span><\/p>\n<p style=\"padding-left: 30px;\"><span style=\"font-family: 'times new roman', times, serif; font-size: 12pt;\">Les paroles d\u2019Isa\u00efe sont souvent reprises dans un cantique\u00a0 bien connu, qui est \u00e0 lui seul une cat\u00e9ch\u00e8se\u00a0:<\/span><\/p>\n<p style=\"padding-left: 30px;\"><span style=\"font-family: 'times new roman', times, serif; font-size: 12pt; color: #ffcc99;\">.<\/span><\/p>\n<p style=\"padding-left: 30px;\"><span style=\"font-family: 'times new roman', times, serif; font-size: 12pt;\"><strong>\u00abTa nuit sera lumi\u00e8re de midi\u00a0\u00bb<\/strong><\/span><\/p>\n<p style=\"padding-left: 30px;\"><span style=\"font-family: 'times new roman', times, serif; font-size: 12pt;\">\u00ab\u00a0Si tu d\u00e9noues les liens de servitude,<\/span><br \/>\n<span style=\"font-family: 'times new roman', times, serif; font-size: 12pt;\"> Si tu lib\u00e8res ton fr\u00e8re encha\u00een\u00e9,<\/span><br \/>\n<span style=\"font-family: 'times new roman', times, serif; font-size: 12pt;\"> La nuit de ton chemin sera lumi\u00e8re de midi.<\/span><br \/>\n<span style=\"font-family: 'times new roman', times, serif; font-size: 12pt;\"> Alors, de tes mains, pourra na\u00eetre une source,<\/span><br \/>\n<span style=\"font-family: 'times new roman', times, serif; font-size: 12pt;\"> La source qui fait vivre la terre de demain,<\/span><br \/>\n<span style=\"font-family: 'times new roman', times, serif; font-size: 12pt;\"> La source qui fait vivre la terre de Dieu.<\/span><\/p>\n<p style=\"padding-left: 30px;\"><span style=\"font-family: 'times new roman', times, serif; font-size: 12pt;\">Si tu d\u00e9nonces le mal qui brise l\u2019homme,<\/span><br \/>\n<span style=\"font-family: 'times new roman', times, serif; font-size: 12pt;\"> Si tu soutiens ton fr\u00e8re abandonn\u00e9,<\/span><br \/>\n<span style=\"font-family: 'times new roman', times, serif; font-size: 12pt;\"> <strong>La nuit de ton appel sera lumi\u00e8re de midi.<\/strong><strong><br \/>\nAlors, de tes yeux, pourra luire une \u00e9toile,<br \/>\nL\u2019\u00e9toile qui annonce la terre de demain,<br \/>\nL\u2019\u00e9toile qui annonce la terre de Dieu.\u00a0\u00bb<\/strong><\/span><\/p>\n<p style=\"padding-left: 30px;\"><span style=\"font-family: 'times new roman', times, serif; font-size: 12pt; color: #ffcc99;\">.<\/span><\/p>\n<p style=\"padding-left: 30px;\"><span style=\"font-family: 'times new roman', times, serif; font-size: 12pt;\"><strong>\u00a0Ce texte du Pape aux catholiques contre l\u2019hypocrisie, devrait d\u2019abord interpeler les Princes de l\u2019Eglise et l\u2019\u00e9piscopat.<\/strong><\/span><\/p>\n<p style=\"padding-left: 30px;\"><span style=\"font-family: 'times new roman', times, serif; font-size: 12pt; color: #ffcc99;\">.<\/span><\/p>\n<p style=\"padding-left: 30px;\"><span style=\"font-family: 'times new roman', times, serif; font-size: 12pt;\"><strong>Le car\u00eame de 2017, sera-t-il diff\u00e9rent de celui des ann\u00e9es pr\u00e9c\u00e9dentes\u00a0? Non, car ces beaux discours \u00e0 la\u00a0 cantonade, se font tout en pi\u00e9tinant la trappe des sous terrains o\u00f9 nos enfants sont emprisonn\u00e9s et o\u00f9 d\u2019autres jeunes continuent de les rejoindre. Tous, victimes de l\u2019emprise mentale d\u00e9nonc\u00e9e sur ce site.<\/strong><\/span><\/p>\n<p style=\"padding-left: 30px;\"><span style=\"font-family: 'times new roman', times, serif; font-size: 12pt;\"><strong>D\u00e9noncer les liens de servitude, d\u00e9noncer le mal qui brise l\u2019homme\u00a0?<\/strong><\/span><\/p>\n<p style=\"padding-left: 30px;\"><span style=\"font-family: 'times new roman', times, serif; font-size: 12pt;\">Pour l\u2019avoir fait et continuer \u00e0 le faire, nous en payons le prix\u00a0: rejet, discriminations, calomnies, violence.<\/span><\/p>\n<p style=\"padding-left: 30px;\"><span style=\"font-family: 'times new roman', times, serif; font-size: 12pt;\">Dans l\u2019Eglise, notre exp\u00e9rience nous montre que l\u2019intention d\u00e9nie l\u2019action\u00a0: on parle, on moralise, on s\u2019\u00e9meut, on s\u2019agite, on pavoise. Pendant qu\u2019en m\u00eame temps, on cache, on camoufle, on ment, on d\u00e9truit.<\/span><\/p>\n<p style=\"padding-left: 30px;\"><span style=\"font-family: 'times new roman', times, serif; font-size: 12pt; color: #ffcc99;\">.<\/span><\/p>\n<p style=\"padding-left: 30px;\"><span style=\"font-family: 'times new roman', times, serif; font-size: 12pt;\"><strong>La source qui fait vivre la terre de demain\u00a0?<\/strong><\/span><\/p>\n<p style=\"padding-left: 30px;\"><span style=\"font-family: 'times new roman', times, serif; font-size: 12pt;\"><strong>L\u2019\u00e9toile qui annonce la terre de Dieu\u00a0?<\/strong><\/span><\/p>\n<p style=\"padding-left: 30px;\"><span style=\"font-family: 'times new roman', times, serif; font-size: 12pt; color: #ffcc99;\"><strong>\u00a0.<\/strong><\/span><\/p>\n<p style=\"padding-left: 30px;\"><span style=\"font-family: 'times new roman', times, serif; font-size: 12pt;\"><strong>De grandes esp\u00e9rances qui croupissent avec nos enfants.<\/strong><\/span><\/p>\n<p style=\"padding-left: 30px;\"><span style=\"font-family: 'times new roman', times, serif; font-size: 12pt; color: #ffcc99;\">.<\/span><\/p>\n","protected":false},"excerpt":{"rendered":"<p>. Ce texte du Pape Fran\u00e7ois que vous trouverez sur le site\u00a0: . http:\/\/fr.aleteia.org\/2017\/03\/05\/le-jeune-du-careme-explique-aux-hypocrites\/ . et dont nous tirons des extraits\u00a0 qui m\u00e9ritent quelques commentaires\u00a0: . \u00ab\u00a0Le je\u00fbne du Car\u00eame expliqu\u00e9 aux \u00ab hypocrites \u00bb Le Saint-P\u00e8re met une fois de plus en garde les catholiques contre le manque de coh\u00e9rence et sinc\u00e9rit\u00e9. \u00a0. \u00ab\u00a0Le <span class=\"ellipsis\">&hellip;<\/span> <span class=\"more-link-wrap\"><a href=\"http:\/\/WWW.derivesdansleglisecatholique.fr\/?p=950\" class=\"more-link\"><span>Read More &rarr;<\/span><\/a><\/span><\/p>\n","protected":false},"author":3,"featured_media":0,"comment_status":"closed","ping_status":"closed","sticky":false,"template":"","format":"standard","meta":{"footnotes":""},"categories":[1],"tags":[],"class_list":["post-950","post","type-post","status-publish","format-standard","hentry","category-non-classe"],"yoast_head":"<!-- This site is optimized with the Yoast SEO plugin v27.4 - https:\/\/yoast.com\/product\/yoast-seo-wordpress\/ -->\n<title>Le je\u00fbne expliqu\u00e9 aux hypocrites - D\u00e9rives dans l&#039;eglise catholique<\/title>\n<meta name=\"robots\" content=\"index, follow, max-snippet:-1, max-image-preview:large, max-video-preview:-1\" \/>\n<link rel=\"canonical\" href=\"http:\/\/WWW.derivesdansleglisecatholique.fr\/?p=950\" \/>\n<meta property=\"og:locale\" content=\"fr_FR\" \/>\n<meta property=\"og:type\" content=\"article\" \/>\n<meta property=\"og:title\" content=\"Le je\u00fbne expliqu\u00e9 aux hypocrites - D\u00e9rives dans l&#039;eglise catholique\" \/>\n<meta property=\"og:description\" content=\". Ce texte du Pape Fran\u00e7ois que vous trouverez sur le site\u00a0: . http:\/\/fr.aleteia.org\/2017\/03\/05\/le-jeune-du-careme-explique-aux-hypocrites\/ . et dont nous tirons des extraits\u00a0 qui m\u00e9ritent quelques commentaires\u00a0: . \u00ab\u00a0Le je\u00fbne du Car\u00eame expliqu\u00e9 aux \u00ab hypocrites \u00bb Le Saint-P\u00e8re met une fois de plus en garde les catholiques contre le manque de coh\u00e9rence et sinc\u00e9rit\u00e9. \u00a0. \u00ab\u00a0Le &hellip; Read More &rarr;\" \/>\n<meta property=\"og:url\" content=\"http:\/\/WWW.derivesdansleglisecatholique.fr\/?p=950\" \/>\n<meta property=\"og:site_name\" content=\"D\u00e9rives dans l&#039;eglise catholique\" \/>\n<meta property=\"article:published_time\" content=\"2017-04-06T12:57:02+00:00\" \/>\n<meta property=\"article:modified_time\" content=\"2017-04-06T13:17:05+00:00\" \/>\n<meta name=\"author\" content=\"WYZ\" \/>\n<meta name=\"twitter:label1\" content=\"\u00c9crit par\" \/>\n\t<meta name=\"twitter:data1\" content=\"WYZ\" \/>\n\t<meta name=\"twitter:label2\" content=\"Dur\u00e9e de lecture estim\u00e9e\" \/>\n\t<meta name=\"twitter:data2\" content=\"3 minutes\" \/>\n<script type=\"application\/ld+json\" class=\"yoast-schema-graph\">{\"@context\":\"https:\\\/\\\/schema.org\",\"@graph\":[{\"@type\":\"Article\",\"@id\":\"http:\\\/\\\/WWW.derivesdansleglisecatholique.fr\\\/?p=950#article\",\"isPartOf\":{\"@id\":\"http:\\\/\\\/WWW.derivesdansleglisecatholique.fr\\\/?p=950\"},\"author\":{\"name\":\"WYZ\",\"@id\":\"https:\\\/\\\/WWW.derivesdansleglisecatholique.fr\\\/#\\\/schema\\\/person\\\/ffb02afe1a91585220a46c7ee86ebb52\"},\"headline\":\"Le je\u00fbne expliqu\u00e9 aux hypocrites\",\"datePublished\":\"2017-04-06T12:57:02+00:00\",\"dateModified\":\"2017-04-06T13:17:05+00:00\",\"mainEntityOfPage\":{\"@id\":\"http:\\\/\\\/WWW.derivesdansleglisecatholique.fr\\\/?p=950\"},\"wordCount\":617,\"inLanguage\":\"fr-FR\"},{\"@type\":\"WebPage\",\"@id\":\"http:\\\/\\\/WWW.derivesdansleglisecatholique.fr\\\/?p=950\",\"url\":\"http:\\\/\\\/WWW.derivesdansleglisecatholique.fr\\\/?p=950\",\"name\":\"Le je\u00fbne expliqu\u00e9 aux hypocrites - D\u00e9rives dans l&#039;eglise catholique\",\"isPartOf\":{\"@id\":\"https:\\\/\\\/WWW.derivesdansleglisecatholique.fr\\\/#website\"},\"datePublished\":\"2017-04-06T12:57:02+00:00\",\"dateModified\":\"2017-04-06T13:17:05+00:00\",\"author\":{\"@id\":\"https:\\\/\\\/WWW.derivesdansleglisecatholique.fr\\\/#\\\/schema\\\/person\\\/ffb02afe1a91585220a46c7ee86ebb52\"},\"breadcrumb\":{\"@id\":\"http:\\\/\\\/WWW.derivesdansleglisecatholique.fr\\\/?p=950#breadcrumb\"},\"inLanguage\":\"fr-FR\",\"potentialAction\":[{\"@type\":\"ReadAction\",\"target\":[\"http:\\\/\\\/WWW.derivesdansleglisecatholique.fr\\\/?p=950\"]}]},{\"@type\":\"BreadcrumbList\",\"@id\":\"http:\\\/\\\/WWW.derivesdansleglisecatholique.fr\\\/?p=950#breadcrumb\",\"itemListElement\":[{\"@type\":\"ListItem\",\"position\":1,\"name\":\"Accueil\",\"item\":\"https:\\\/\\\/WWW.derivesdansleglisecatholique.fr\\\/\"},{\"@type\":\"ListItem\",\"position\":2,\"name\":\"Le je\u00fbne expliqu\u00e9 aux hypocrites\"}]},{\"@type\":\"WebSite\",\"@id\":\"https:\\\/\\\/WWW.derivesdansleglisecatholique.fr\\\/#website\",\"url\":\"https:\\\/\\\/WWW.derivesdansleglisecatholique.fr\\\/\",\"name\":\"D\u00e9rives dans l&#039;eglise catholique\",\"description\":\"Justice et V\u00e9rit\u00e9 pour les familles\",\"potentialAction\":[{\"@type\":\"SearchAction\",\"target\":{\"@type\":\"EntryPoint\",\"urlTemplate\":\"https:\\\/\\\/WWW.derivesdansleglisecatholique.fr\\\/?s={search_term_string}\"},\"query-input\":{\"@type\":\"PropertyValueSpecification\",\"valueRequired\":true,\"valueName\":\"search_term_string\"}}],\"inLanguage\":\"fr-FR\"},{\"@type\":\"Person\",\"@id\":\"https:\\\/\\\/WWW.derivesdansleglisecatholique.fr\\\/#\\\/schema\\\/person\\\/ffb02afe1a91585220a46c7ee86ebb52\",\"name\":\"WYZ\",\"image\":{\"@type\":\"ImageObject\",\"inLanguage\":\"fr-FR\",\"@id\":\"https:\\\/\\\/secure.gravatar.com\\\/avatar\\\/a89d00b3ba7470cc3ee7cd3383b662f0ffff221bd43470000a0b0e1c236977ff?s=96&r=g\",\"url\":\"https:\\\/\\\/secure.gravatar.com\\\/avatar\\\/a89d00b3ba7470cc3ee7cd3383b662f0ffff221bd43470000a0b0e1c236977ff?s=96&r=g\",\"contentUrl\":\"https:\\\/\\\/secure.gravatar.com\\\/avatar\\\/a89d00b3ba7470cc3ee7cd3383b662f0ffff221bd43470000a0b0e1c236977ff?s=96&r=g\",\"caption\":\"WYZ\"},\"url\":\"http:\\\/\\\/WWW.derivesdansleglisecatholique.fr\\\/?author=3\"}]}<\/script>\n<!-- \/ Yoast SEO plugin. -->","yoast_head_json":{"title":"Le je\u00fbne expliqu\u00e9 aux hypocrites - D\u00e9rives dans l&#039;eglise catholique","robots":{"index":"index","follow":"follow","max-snippet":"max-snippet:-1","max-image-preview":"max-image-preview:large","max-video-preview":"max-video-preview:-1"},"canonical":"http:\/\/WWW.derivesdansleglisecatholique.fr\/?p=950","og_locale":"fr_FR","og_type":"article","og_title":"Le je\u00fbne expliqu\u00e9 aux hypocrites - D\u00e9rives dans l&#039;eglise catholique","og_description":". Ce texte du Pape Fran\u00e7ois que vous trouverez sur le site\u00a0: . http:\/\/fr.aleteia.org\/2017\/03\/05\/le-jeune-du-careme-explique-aux-hypocrites\/ . et dont nous tirons des extraits\u00a0 qui m\u00e9ritent quelques commentaires\u00a0: . \u00ab\u00a0Le je\u00fbne du Car\u00eame expliqu\u00e9 aux \u00ab hypocrites \u00bb Le Saint-P\u00e8re met une fois de plus en garde les catholiques contre le manque de coh\u00e9rence et sinc\u00e9rit\u00e9. \u00a0. \u00ab\u00a0Le &hellip; Read More &rarr;","og_url":"http:\/\/WWW.derivesdansleglisecatholique.fr\/?p=950","og_site_name":"D\u00e9rives dans l&#039;eglise catholique","article_published_time":"2017-04-06T12:57:02+00:00","article_modified_time":"2017-04-06T13:17:05+00:00","author":"WYZ","twitter_misc":{"\u00c9crit par":"WYZ","Dur\u00e9e de lecture estim\u00e9e":"3 minutes"},"schema":{"@context":"https:\/\/schema.org","@graph":[{"@type":"Article","@id":"http:\/\/WWW.derivesdansleglisecatholique.fr\/?p=950#article","isPartOf":{"@id":"http:\/\/WWW.derivesdansleglisecatholique.fr\/?p=950"},"author":{"name":"WYZ","@id":"https:\/\/WWW.derivesdansleglisecatholique.fr\/#\/schema\/person\/ffb02afe1a91585220a46c7ee86ebb52"},"headline":"Le je\u00fbne expliqu\u00e9 aux hypocrites","datePublished":"2017-04-06T12:57:02+00:00","dateModified":"2017-04-06T13:17:05+00:00","mainEntityOfPage":{"@id":"http:\/\/WWW.derivesdansleglisecatholique.fr\/?p=950"},"wordCount":617,"inLanguage":"fr-FR"},{"@type":"WebPage","@id":"http:\/\/WWW.derivesdansleglisecatholique.fr\/?p=950","url":"http:\/\/WWW.derivesdansleglisecatholique.fr\/?p=950","name":"Le je\u00fbne expliqu\u00e9 aux hypocrites - D\u00e9rives dans l&#039;eglise catholique","isPartOf":{"@id":"https:\/\/WWW.derivesdansleglisecatholique.fr\/#website"},"datePublished":"2017-04-06T12:57:02+00:00","dateModified":"2017-04-06T13:17:05+00:00","author":{"@id":"https:\/\/WWW.derivesdansleglisecatholique.fr\/#\/schema\/person\/ffb02afe1a91585220a46c7ee86ebb52"},"breadcrumb":{"@id":"http:\/\/WWW.derivesdansleglisecatholique.fr\/?p=950#breadcrumb"},"inLanguage":"fr-FR","potentialAction":[{"@type":"ReadAction","target":["http:\/\/WWW.derivesdansleglisecatholique.fr\/?p=950"]}]},{"@type":"BreadcrumbList","@id":"http:\/\/WWW.derivesdansleglisecatholique.fr\/?p=950#breadcrumb","itemListElement":[{"@type":"ListItem","position":1,"name":"Accueil","item":"https:\/\/WWW.derivesdansleglisecatholique.fr\/"},{"@type":"ListItem","position":2,"name":"Le je\u00fbne expliqu\u00e9 aux hypocrites"}]},{"@type":"WebSite","@id":"https:\/\/WWW.derivesdansleglisecatholique.fr\/#website","url":"https:\/\/WWW.derivesdansleglisecatholique.fr\/","name":"D\u00e9rives dans l&#039;eglise catholique","description":"Justice et V\u00e9rit\u00e9 pour les familles","potentialAction":[{"@type":"SearchAction","target":{"@type":"EntryPoint","urlTemplate":"https:\/\/WWW.derivesdansleglisecatholique.fr\/?s={search_term_string}"},"query-input":{"@type":"PropertyValueSpecification","valueRequired":true,"valueName":"search_term_string"}}],"inLanguage":"fr-FR"},{"@type":"Person","@id":"https:\/\/WWW.derivesdansleglisecatholique.fr\/#\/schema\/person\/ffb02afe1a91585220a46c7ee86ebb52","name":"WYZ","image":{"@type":"ImageObject","inLanguage":"fr-FR","@id":"https:\/\/secure.gravatar.com\/avatar\/a89d00b3ba7470cc3ee7cd3383b662f0ffff221bd43470000a0b0e1c236977ff?s=96&r=g","url":"https:\/\/secure.gravatar.com\/avatar\/a89d00b3ba7470cc3ee7cd3383b662f0ffff221bd43470000a0b0e1c236977ff?s=96&r=g","contentUrl":"https:\/\/secure.gravatar.com\/avatar\/a89d00b3ba7470cc3ee7cd3383b662f0ffff221bd43470000a0b0e1c236977ff?s=96&r=g","caption":"WYZ"},"url":"http:\/\/WWW.derivesdansleglisecatholique.fr\/?author=3"}]}},"_links":{"self":[{"href":"http:\/\/WWW.derivesdansleglisecatholique.fr\/index.php?rest_route=\/wp\/v2\/posts\/950","targetHints":{"allow":["GET"]}}],"collection":[{"href":"http:\/\/WWW.derivesdansleglisecatholique.fr\/index.php?rest_route=\/wp\/v2\/posts"}],"about":[{"href":"http:\/\/WWW.derivesdansleglisecatholique.fr\/index.php?rest_route=\/wp\/v2\/types\/post"}],"author":[{"embeddable":true,"href":"http:\/\/WWW.derivesdansleglisecatholique.fr\/index.php?rest_route=\/wp\/v2\/users\/3"}],"replies":[{"embeddable":true,"href":"http:\/\/WWW.derivesdansleglisecatholique.fr\/index.php?rest_route=%2Fwp%2Fv2%2Fcomments&post=950"}],"version-history":[{"count":4,"href":"http:\/\/WWW.derivesdansleglisecatholique.fr\/index.php?rest_route=\/wp\/v2\/posts\/950\/revisions"}],"predecessor-version":[{"id":959,"href":"http:\/\/WWW.derivesdansleglisecatholique.fr\/index.php?rest_route=\/wp\/v2\/posts\/950\/revisions\/959"}],"wp:attachment":[{"href":"http:\/\/WWW.derivesdansleglisecatholique.fr\/index.php?rest_route=%2Fwp%2Fv2%2Fmedia&parent=950"}],"wp:term":[{"taxonomy":"category","embeddable":true,"href":"http:\/\/WWW.derivesdansleglisecatholique.fr\/index.php?rest_route=%2Fwp%2Fv2%2Fcategories&post=950"},{"taxonomy":"post_tag","embeddable":true,"href":"http:\/\/WWW.derivesdansleglisecatholique.fr\/index.php?rest_route=%2Fwp%2Fv2%2Ftags&post=950"}],"curies":[{"name":"wp","href":"https:\/\/api.w.org\/{rel}","templated":true}]}}