{"id":2969,"date":"2017-12-15T16:52:33","date_gmt":"2017-12-15T15:52:33","guid":{"rendered":"http:\/\/WWW.derivesdansleglisecatholique.fr\/?p=2969"},"modified":"2018-01-05T15:33:31","modified_gmt":"2018-01-05T14:33:31","slug":"sessions-de-guerison-ravalent-facade-changent-de-nom","status":"publish","type":"post","link":"https:\/\/WWW.derivesdansleglisecatholique.fr\/?p=2969","title":{"rendered":"Les sessions de gu\u00e9rison ravalent leur fa\u00e7ade et changent de nom."},"content":{"rendered":"<p style=\"padding-left: 30px;\"><strong>\u00a0<\/strong><\/p>\n<p style=\"padding-left: 30px;\"><span style=\"color: #ffcc99;\"><strong>\u00a0.<\/strong><\/span><\/p>\n<p style=\"padding-left: 30px;\"><span style=\"font-family: times new roman, times, serif; font-size: 12pt;\"><strong><span style=\"color: #0000ff;\">Une fois de plus, une fois encore, une fois de trop, les sessions de gu\u00e9rison se refont la fa\u00e7ade et changent d\u2019appellation pour r\u00e9pondre, semble-t-il,\u00a0 au doux nom de \u00ab\u00a0Gu\u00e9rison de l\u2019\u00e2me\u00a0\u00bb. Une fa\u00e7ade dont l\u2019enduit se d\u00e9grade rapidement sur des murs fissur\u00e9s et des fondements d\u00e9labr\u00e9s. Une baraque dangereuse que nombre de gourous-fondateurs ont quitt\u00e9 en catimini, la r\u00e9putation ruin\u00e9e mais les poches pleines, et fuyant leurs victimes, avant que les murs ne leur tombent dessus. Une baraque que la Maison \u00c9glise semble vouloir sauver \u00e0 tout prix. C\u2019est ce que l\u2019article de La Croix du 9 d\u00e9cembre 2017, d\u00e9montre dans ses deux articles\u00a0:<\/span> <\/strong><\/span><\/p>\n<p><span style=\"color: #ffcc99;\">.<\/span><\/p>\n<p style=\"padding-left: 30px; text-align: center;\"><span style=\"font-family: times new roman, times, serif; font-size: 12pt;\"><a href=\"https:\/\/www.la-croix.com\/Journal\/Guerir-ame-2017-12-09-1100898135\"><span style=\"font-size: 10pt;\">https:\/\/www.la-croix.com\/Journal\/Guerir-ame-2017-12-09-1100898135<\/span><\/a><\/span><\/p>\n<p style=\"padding-left: 30px; text-align: center;\"><span style=\"font-family: times new roman, times, serif; font-size: 12pt;\"><a href=\"http:\/\/croire.la-croix.com\/Definitions\/Lexique\/Guerison\/Guerir-son-ame\"><span style=\"font-size: 10pt;\">http:\/\/croire.la-croix.com\/Definitions\/Lexique\/Guerison\/Guerir-son-ame<\/span><\/a><\/span><\/p>\n<p><span style=\"color: #ffcc99;\">.<\/span><\/p>\n<p style=\"padding-left: 30px;\"><span style=\"color: #0000ff;\"><strong><span style=\"font-family: times new roman, times, serif; font-size: 14pt;\">\u00ab\u00a0Gu\u00e9rir\u00a0\u00bb son \u00e2me<\/span><\/strong><\/span><\/p>\n<p><span style=\"color: #ffcc99;\">.<\/span><\/p>\n<p style=\"padding-left: 30px;\"><span style=\"font-family: times new roman, times, serif; font-size: 12pt;\">.M\u00e9lin\u00e9e Le Priol , le 09\/12\/2017 \u00e0 6h00<\/span><\/p>\n<p><span style=\"color: #ffcc99;\">.<\/span><\/p>\n<p style=\"padding-left: 30px;\"><span style=\"font-family: times new roman, times, serif; font-size: 12pt;\"><strong>A l\u2019occasion d\u2019un colloque organis\u00e9 ce week-end sur la d\u00e9livrance, \u00ab\u00a0La Croix\u00a0\u00bb examine \u00e0 quel besoin r\u00e9pondent les sessions dites de \u00ab\u00a0gu\u00e9rison int\u00e9rieure\u00a0\u00bb.<\/strong><\/span><\/p>\n<p><span style=\"color: #ffcc99;\">.<\/span><\/p>\n<p style=\"padding-left: 30px;\"><span style=\"font-family: times new roman, times, serif; font-size: 12pt; color: #0000ff;\"><strong>Le titre \u00ab\u00a0Gu\u00e9rir son \u00e2me\u00a0\u00bb ne veut rien dire, c\u2019est un fourre-tout et l\u2019article fait \u00ab\u00a0sur mesure\u00a0\u00bb ne peut en escamoter la confusion psycho-spirituelle. Confusion tant v\u00e9n\u00e9r\u00e9e des gourous pour y ins\u00e9rer leur emprise mentale. Ce qui ne peut se faire en pleine lumi\u00e8re. Une obscurit\u00e9 pris\u00e9e et entretenue notamment pour rejeter les victimes dans l\u2019ombre. <\/strong><\/span><\/p>\n<p style=\"padding-left: 30px;\"><span style=\"font-family: times new roman, times, serif; font-size: 12pt; color: #0000ff;\"><strong>Le principe de r\u00e9alit\u00e9 est implacable\u00a0: il y a des victimes. Ce n\u2019est pas une \u00ab\u00a0refondation\u00a0\u00bb, des ravalements de fa\u00e7ade ou tout autre tour de passe-passe qui peut changer quelque chose \u00e0 cette \u00e9vidence. Bien au contraire, au fil du temps, cela engage de plus en plus la responsabilit\u00e9 de l\u2019\u00e9piscopat qui leur doit v\u00e9rit\u00e9, justice et r\u00e9paration.\u00a0 <\/strong><\/span><\/p>\n<p style=\"padding-left: 30px;\"><span style=\"font-family: times new roman, times, serif; font-size: 12pt;\"><strong><span style=\"color: #0000ff;\">Si ce n\u2019\u00e9tait aussi grave, on f\u00e9liciterait la journaliste pour son talent de mise en forme. Un packaging bien enrubann\u00e9 qui, comme bien d\u2019autres auparavant, ne parvient pas \u00e0 camoufler le fond, toujours aussi mar\u00e9cageux de ces sessions de gu\u00e9rison qui font de plus en plus de victimes, \u00a0et brisent de plus en plus de familles dont notre site se fait l\u2019\u00e9cho.<\/span> <\/strong><\/span><\/p>\n<p><span style=\"color: #ffcc99;\">.<\/span><\/p>\n<p style=\"padding-left: 30px;\"><span style=\"font-family: times new roman, times, serif; font-size: 14pt; color: #0000ff;\"><strong>Conclusion\u00a0:<\/strong><\/span><\/p>\n<p><span style=\"color: #ffcc99;\">.<\/span><\/p>\n<p style=\"padding-left: 30px;\"><span style=\"font-family: times new roman, times, serif; font-size: 12pt; color: #0000ff;\"><strong>Le rapport sur le psychologique et le spirituel,\u00a0 rendu par la commission de la CEF, est un document de r\u00e9f\u00e9rence. <\/strong><\/span><\/p>\n<p style=\"padding-left: 30px; text-align: center;\"><span style=\"font-family: times new roman, times, serif; font-size: 12pt;\"><strong><span style=\"color: #0000ff;\"><a href=\"http:\/\/derivesdansleglisecatholique.fr\/wp-content\/uploads\/2017\/02\/RAPPORT-conference-episcopale-2011.pdf\"><span style=\"font-size: 10pt;\">Rapport conf\u00e9rence \u00e9piscopale 2011<\/span><\/a><\/span> <\/strong><\/span><\/p>\n<p style=\"padding-left: 30px;\"><span style=\"font-family: times new roman, times, serif; font-size: 12pt; color: #0000ff;\"><strong>Nous y lisons en page 7\u00a0:<\/strong><\/span><\/p>\n<p style=\"padding-left: 30px;\"><span style=\"font-family: times new roman, times, serif; font-size: 12pt;\"><strong><em>\u00ab\u00a0Nombre de personnes ou familles ont \u00e9t\u00e9 victimes de ces \u00ab\u00a0sessions de gu\u00e9risons int\u00e9rieures\u00a0\u00bb, ou de \u00ab\u00a0pri\u00e8res de gu\u00e9rison\u00a0\u00bb, men\u00e9es sans discernement et aboutissant parfois \u00e0 des ruptures entre conjoints ou entre parents et enfants. Certaines familles ont pris consciences de ces d\u00e9rives et ont demand\u00e9e \u00e0 des responsables eccl\u00e9siaux d\u2019intervenir. Leurs dossiers sont consistants et factuels. Ils n\u2019ont \u00e0 ce jour trouv\u00e9 aucune r\u00e9ponse satisfaisante. Ces familles ont alors fait appel aux pouvoirs publics, \u00e0 la Miviludes (Mission Interminist\u00e9rielle de vigilance et de lutte contre les d\u00e9rives sectaires), si bien que des enqu\u00eates sont en cours. Des articles, \u00e9missions de t\u00e9l\u00e9vision et de radio seraient pr\u00e9vues pour les mois \u00e0 venir. Ces familles sont en attente d\u2019une position claire des autorit\u00e9s eccl\u00e9siales. Elles demandent que leurs proches, dont la m\u00e9moire est maintenant habit\u00e9e par de faux souvenirs induits, puissent \u00eatre \u00e9cout\u00e9s par des personnes comp\u00e9tentes pour tenter de r\u00e9parer les pr\u00e9judices moraux et parfois financiers occasionn\u00e9s par ces d\u00e9rives.\u00a0\u00bb<\/em><\/strong><\/span><\/p>\n<p><span style=\"color: #ffcc99;\">.<\/span><\/p>\n<p style=\"padding-left: 30px; text-align: center;\"><span style=\"font-family: times new roman, times, serif; font-size: 12pt; color: #0000ff;\"><strong>Ce rapport est sorti en 2011. <\/strong><\/span><\/p>\n<p style=\"padding-left: 30px; text-align: center;\"><span style=\"font-family: times new roman, times, serif; font-size: 12pt; color: #0000ff;\"><strong>Depuis, non seulement l\u2019\u00e9piscopat n\u2019a jamais aid\u00e9 les familles et les victimes, mais il les a rejet\u00e9s comme des \u00ab\u00a0encombrants\u00a0\u00bb. <\/strong><\/span><\/p>\n<p style=\"padding-left: 30px; text-align: center;\"><span style=\"font-family: times new roman, times, serif; font-size: 12pt; color: #0000ff;\"><strong>Maintenant il promeut et prot\u00e8ge ces sessions dont il a d\u00e9nonc\u00e9 la nocivit\u00e9.<\/strong><\/span><\/p>\n<p style=\"padding-left: 30px; text-align: center;\"><span style=\"font-family: times new roman, times, serif; font-size: 12pt; color: #0000ff;\"><strong>Parce qu\u2019aujourd\u2019hui, en 2017, comme il y a des ann\u00e9es, des jeunes se font pi\u00e9ger dans ces sessions et brisent leurs liens familiaux, <\/strong><\/span><\/p>\n<p style=\"padding-left: 30px; text-align: center;\"><span style=\"font-family: times new roman, times, serif; font-size: 12pt; color: #0000ff;\"><strong>\u00a0des parents ont d\u00e9cid\u00e9 d\u2019agir et d\u2019ouvrir ce site.<\/strong><\/span><\/p>\n<p><span style=\"font-family: times new roman, times, serif; font-size: 12pt;\"><strong>\u00a0<\/strong><\/span><\/p>\n<p><span style=\"font-family: times new roman, times, serif; font-size: 12pt; color: #ffcc99;\"><strong>\u00a0.<\/strong><\/span><\/p>\n<p style=\"padding-left: 30px;\"><span style=\"font-family: times new roman, times, serif; font-size: 12pt;\"><strong>1 &#8211;\u00a0 N<\/strong><\/span><span style=\"font-family: times new roman, times, serif; font-size: 12pt;\"><strong>B. Nous avons d\u00e9crypt\u00e9 l\u2019article de La Croix. Vous pouvez en prendre connaissance en cliquant sur le lien\u00a0:<\/strong><\/span><\/p>\n<div dir=\"ltr\">\n<div>\n<div style=\"padding-left: 30px; text-align: center;\"><span style=\"font-size: 14pt;\"><a href=\"http:\/\/www.derivesdansleglisecatholique.fr\/?p=2962\"><span style=\"color: #0000ff;\"><strong><span style=\"font-family: times new roman, times, serif;\">\u201cD\u00e9cryptage de l\u2019article de La Croix du 9.12.2017\u201d<\/span> <\/strong><\/span><\/a><\/span><\/div>\n<div><span style=\"color: #ffcc99;\">.<\/span><\/div>\n<\/div>\n<\/div>\n<p style=\"padding-left: 30px;\"><span style=\"font-family: times new roman, times, serif; font-size: 12pt;\"><strong>\u00a0<\/strong><\/span><\/p>\n","protected":false},"excerpt":{"rendered":"<p>\u00a0 \u00a0. Une fois de plus, une fois encore, une fois de trop, les sessions de gu\u00e9rison se refont la fa\u00e7ade et changent d\u2019appellation pour r\u00e9pondre, semble-t-il,\u00a0 au doux nom de \u00ab\u00a0Gu\u00e9rison de l\u2019\u00e2me\u00a0\u00bb. Une fa\u00e7ade dont l\u2019enduit se d\u00e9grade rapidement sur des murs fissur\u00e9s et des fondements d\u00e9labr\u00e9s. Une baraque dangereuse que nombre de <span class=\"ellipsis\">&hellip;<\/span> <span class=\"more-link-wrap\"><a href=\"https:\/\/WWW.derivesdansleglisecatholique.fr\/?p=2969\" class=\"more-link\"><span>Read More &rarr;<\/span><\/a><\/span><\/p>\n","protected":false},"author":2,"featured_media":0,"comment_status":"closed","ping_status":"closed","sticky":false,"template":"","format":"standard","meta":{"footnotes":""},"categories":[1],"tags":[],"class_list":["post-2969","post","type-post","status-publish","format-standard","hentry","category-non-classe"],"yoast_head":"<!-- This site is optimized with the Yoast SEO plugin v27.4 - https:\/\/yoast.com\/product\/yoast-seo-wordpress\/ -->\n<title>Les sessions de gu\u00e9rison ravalent leur fa\u00e7ade et changent de nom. - D\u00e9rives dans l&#039;eglise catholique<\/title>\n<meta name=\"robots\" content=\"index, follow, max-snippet:-1, max-image-preview:large, max-video-preview:-1\" \/>\n<link rel=\"canonical\" href=\"https:\/\/WWW.derivesdansleglisecatholique.fr\/?p=2969\" \/>\n<meta property=\"og:locale\" content=\"fr_FR\" \/>\n<meta property=\"og:type\" content=\"article\" \/>\n<meta property=\"og:title\" content=\"Les sessions de gu\u00e9rison ravalent leur fa\u00e7ade et changent de nom. - D\u00e9rives dans l&#039;eglise catholique\" \/>\n<meta property=\"og:description\" content=\"\u00a0 \u00a0. Une fois de plus, une fois encore, une fois de trop, les sessions de gu\u00e9rison se refont la fa\u00e7ade et changent d\u2019appellation pour r\u00e9pondre, semble-t-il,\u00a0 au doux nom de \u00ab\u00a0Gu\u00e9rison de l\u2019\u00e2me\u00a0\u00bb. Une fa\u00e7ade dont l\u2019enduit se d\u00e9grade rapidement sur des murs fissur\u00e9s et des fondements d\u00e9labr\u00e9s. Une baraque dangereuse que nombre de &hellip; Read More &rarr;\" \/>\n<meta property=\"og:url\" content=\"https:\/\/WWW.derivesdansleglisecatholique.fr\/?p=2969\" \/>\n<meta property=\"og:site_name\" content=\"D\u00e9rives dans l&#039;eglise catholique\" \/>\n<meta property=\"article:published_time\" content=\"2017-12-15T15:52:33+00:00\" \/>\n<meta property=\"article:modified_time\" content=\"2018-01-05T14:33:31+00:00\" \/>\n<meta name=\"author\" content=\"ZWY\" \/>\n<meta name=\"twitter:label1\" content=\"\u00c9crit par\" \/>\n\t<meta name=\"twitter:data1\" content=\"ZWY\" \/>\n\t<meta name=\"twitter:label2\" content=\"Dur\u00e9e de lecture estim\u00e9e\" \/>\n\t<meta name=\"twitter:data2\" content=\"3 minutes\" \/>\n<script type=\"application\/ld+json\" class=\"yoast-schema-graph\">{\"@context\":\"https:\\\/\\\/schema.org\",\"@graph\":[{\"@type\":\"Article\",\"@id\":\"https:\\\/\\\/WWW.derivesdansleglisecatholique.fr\\\/?p=2969#article\",\"isPartOf\":{\"@id\":\"https:\\\/\\\/WWW.derivesdansleglisecatholique.fr\\\/?p=2969\"},\"author\":{\"name\":\"ZWY\",\"@id\":\"http:\\\/\\\/WWW.derivesdansleglisecatholique.fr\\\/#\\\/schema\\\/person\\\/00e384b3d6f532a9ea54aafa9d4bde0e\"},\"headline\":\"Les sessions de gu\u00e9rison ravalent leur fa\u00e7ade et changent de nom.\",\"datePublished\":\"2017-12-15T15:52:33+00:00\",\"dateModified\":\"2018-01-05T14:33:31+00:00\",\"mainEntityOfPage\":{\"@id\":\"https:\\\/\\\/WWW.derivesdansleglisecatholique.fr\\\/?p=2969\"},\"wordCount\":712,\"inLanguage\":\"fr-FR\"},{\"@type\":\"WebPage\",\"@id\":\"https:\\\/\\\/WWW.derivesdansleglisecatholique.fr\\\/?p=2969\",\"url\":\"https:\\\/\\\/WWW.derivesdansleglisecatholique.fr\\\/?p=2969\",\"name\":\"Les sessions de gu\u00e9rison ravalent leur fa\u00e7ade et changent de nom. - D\u00e9rives dans l&#039;eglise catholique\",\"isPartOf\":{\"@id\":\"http:\\\/\\\/WWW.derivesdansleglisecatholique.fr\\\/#website\"},\"datePublished\":\"2017-12-15T15:52:33+00:00\",\"dateModified\":\"2018-01-05T14:33:31+00:00\",\"author\":{\"@id\":\"http:\\\/\\\/WWW.derivesdansleglisecatholique.fr\\\/#\\\/schema\\\/person\\\/00e384b3d6f532a9ea54aafa9d4bde0e\"},\"breadcrumb\":{\"@id\":\"https:\\\/\\\/WWW.derivesdansleglisecatholique.fr\\\/?p=2969#breadcrumb\"},\"inLanguage\":\"fr-FR\",\"potentialAction\":[{\"@type\":\"ReadAction\",\"target\":[\"https:\\\/\\\/WWW.derivesdansleglisecatholique.fr\\\/?p=2969\"]}]},{\"@type\":\"BreadcrumbList\",\"@id\":\"https:\\\/\\\/WWW.derivesdansleglisecatholique.fr\\\/?p=2969#breadcrumb\",\"itemListElement\":[{\"@type\":\"ListItem\",\"position\":1,\"name\":\"Accueil\",\"item\":\"http:\\\/\\\/WWW.derivesdansleglisecatholique.fr\\\/\"},{\"@type\":\"ListItem\",\"position\":2,\"name\":\"Les sessions de gu\u00e9rison ravalent leur fa\u00e7ade et changent de nom.\"}]},{\"@type\":\"WebSite\",\"@id\":\"http:\\\/\\\/WWW.derivesdansleglisecatholique.fr\\\/#website\",\"url\":\"http:\\\/\\\/WWW.derivesdansleglisecatholique.fr\\\/\",\"name\":\"D\u00e9rives dans l&#039;eglise catholique\",\"description\":\"Justice et V\u00e9rit\u00e9 pour les familles\",\"potentialAction\":[{\"@type\":\"SearchAction\",\"target\":{\"@type\":\"EntryPoint\",\"urlTemplate\":\"http:\\\/\\\/WWW.derivesdansleglisecatholique.fr\\\/?s={search_term_string}\"},\"query-input\":{\"@type\":\"PropertyValueSpecification\",\"valueRequired\":true,\"valueName\":\"search_term_string\"}}],\"inLanguage\":\"fr-FR\"},{\"@type\":\"Person\",\"@id\":\"http:\\\/\\\/WWW.derivesdansleglisecatholique.fr\\\/#\\\/schema\\\/person\\\/00e384b3d6f532a9ea54aafa9d4bde0e\",\"name\":\"ZWY\",\"image\":{\"@type\":\"ImageObject\",\"inLanguage\":\"fr-FR\",\"@id\":\"https:\\\/\\\/secure.gravatar.com\\\/avatar\\\/b006fa882f3bf76e29e0c251c50ab4f53802f3986c1177a964b472dcbe6fa985?s=96&r=g\",\"url\":\"https:\\\/\\\/secure.gravatar.com\\\/avatar\\\/b006fa882f3bf76e29e0c251c50ab4f53802f3986c1177a964b472dcbe6fa985?s=96&r=g\",\"contentUrl\":\"https:\\\/\\\/secure.gravatar.com\\\/avatar\\\/b006fa882f3bf76e29e0c251c50ab4f53802f3986c1177a964b472dcbe6fa985?s=96&r=g\",\"caption\":\"ZWY\"},\"url\":\"https:\\\/\\\/WWW.derivesdansleglisecatholique.fr\\\/?author=2\"}]}<\/script>\n<!-- \/ Yoast SEO plugin. -->","yoast_head_json":{"title":"Les sessions de gu\u00e9rison ravalent leur fa\u00e7ade et changent de nom. - D\u00e9rives dans l&#039;eglise catholique","robots":{"index":"index","follow":"follow","max-snippet":"max-snippet:-1","max-image-preview":"max-image-preview:large","max-video-preview":"max-video-preview:-1"},"canonical":"https:\/\/WWW.derivesdansleglisecatholique.fr\/?p=2969","og_locale":"fr_FR","og_type":"article","og_title":"Les sessions de gu\u00e9rison ravalent leur fa\u00e7ade et changent de nom. - D\u00e9rives dans l&#039;eglise catholique","og_description":"\u00a0 \u00a0. Une fois de plus, une fois encore, une fois de trop, les sessions de gu\u00e9rison se refont la fa\u00e7ade et changent d\u2019appellation pour r\u00e9pondre, semble-t-il,\u00a0 au doux nom de \u00ab\u00a0Gu\u00e9rison de l\u2019\u00e2me\u00a0\u00bb. Une fa\u00e7ade dont l\u2019enduit se d\u00e9grade rapidement sur des murs fissur\u00e9s et des fondements d\u00e9labr\u00e9s. Une baraque dangereuse que nombre de &hellip; Read More &rarr;","og_url":"https:\/\/WWW.derivesdansleglisecatholique.fr\/?p=2969","og_site_name":"D\u00e9rives dans l&#039;eglise catholique","article_published_time":"2017-12-15T15:52:33+00:00","article_modified_time":"2018-01-05T14:33:31+00:00","author":"ZWY","twitter_misc":{"\u00c9crit par":"ZWY","Dur\u00e9e de lecture estim\u00e9e":"3 minutes"},"schema":{"@context":"https:\/\/schema.org","@graph":[{"@type":"Article","@id":"https:\/\/WWW.derivesdansleglisecatholique.fr\/?p=2969#article","isPartOf":{"@id":"https:\/\/WWW.derivesdansleglisecatholique.fr\/?p=2969"},"author":{"name":"ZWY","@id":"http:\/\/WWW.derivesdansleglisecatholique.fr\/#\/schema\/person\/00e384b3d6f532a9ea54aafa9d4bde0e"},"headline":"Les sessions de gu\u00e9rison ravalent leur fa\u00e7ade et changent de nom.","datePublished":"2017-12-15T15:52:33+00:00","dateModified":"2018-01-05T14:33:31+00:00","mainEntityOfPage":{"@id":"https:\/\/WWW.derivesdansleglisecatholique.fr\/?p=2969"},"wordCount":712,"inLanguage":"fr-FR"},{"@type":"WebPage","@id":"https:\/\/WWW.derivesdansleglisecatholique.fr\/?p=2969","url":"https:\/\/WWW.derivesdansleglisecatholique.fr\/?p=2969","name":"Les sessions de gu\u00e9rison ravalent leur fa\u00e7ade et changent de nom. - D\u00e9rives dans l&#039;eglise catholique","isPartOf":{"@id":"http:\/\/WWW.derivesdansleglisecatholique.fr\/#website"},"datePublished":"2017-12-15T15:52:33+00:00","dateModified":"2018-01-05T14:33:31+00:00","author":{"@id":"http:\/\/WWW.derivesdansleglisecatholique.fr\/#\/schema\/person\/00e384b3d6f532a9ea54aafa9d4bde0e"},"breadcrumb":{"@id":"https:\/\/WWW.derivesdansleglisecatholique.fr\/?p=2969#breadcrumb"},"inLanguage":"fr-FR","potentialAction":[{"@type":"ReadAction","target":["https:\/\/WWW.derivesdansleglisecatholique.fr\/?p=2969"]}]},{"@type":"BreadcrumbList","@id":"https:\/\/WWW.derivesdansleglisecatholique.fr\/?p=2969#breadcrumb","itemListElement":[{"@type":"ListItem","position":1,"name":"Accueil","item":"http:\/\/WWW.derivesdansleglisecatholique.fr\/"},{"@type":"ListItem","position":2,"name":"Les sessions de gu\u00e9rison ravalent leur fa\u00e7ade et changent de nom."}]},{"@type":"WebSite","@id":"http:\/\/WWW.derivesdansleglisecatholique.fr\/#website","url":"http:\/\/WWW.derivesdansleglisecatholique.fr\/","name":"D\u00e9rives dans l&#039;eglise catholique","description":"Justice et V\u00e9rit\u00e9 pour les familles","potentialAction":[{"@type":"SearchAction","target":{"@type":"EntryPoint","urlTemplate":"http:\/\/WWW.derivesdansleglisecatholique.fr\/?s={search_term_string}"},"query-input":{"@type":"PropertyValueSpecification","valueRequired":true,"valueName":"search_term_string"}}],"inLanguage":"fr-FR"},{"@type":"Person","@id":"http:\/\/WWW.derivesdansleglisecatholique.fr\/#\/schema\/person\/00e384b3d6f532a9ea54aafa9d4bde0e","name":"ZWY","image":{"@type":"ImageObject","inLanguage":"fr-FR","@id":"https:\/\/secure.gravatar.com\/avatar\/b006fa882f3bf76e29e0c251c50ab4f53802f3986c1177a964b472dcbe6fa985?s=96&r=g","url":"https:\/\/secure.gravatar.com\/avatar\/b006fa882f3bf76e29e0c251c50ab4f53802f3986c1177a964b472dcbe6fa985?s=96&r=g","contentUrl":"https:\/\/secure.gravatar.com\/avatar\/b006fa882f3bf76e29e0c251c50ab4f53802f3986c1177a964b472dcbe6fa985?s=96&r=g","caption":"ZWY"},"url":"https:\/\/WWW.derivesdansleglisecatholique.fr\/?author=2"}]}},"_links":{"self":[{"href":"https:\/\/WWW.derivesdansleglisecatholique.fr\/index.php?rest_route=\/wp\/v2\/posts\/2969","targetHints":{"allow":["GET"]}}],"collection":[{"href":"https:\/\/WWW.derivesdansleglisecatholique.fr\/index.php?rest_route=\/wp\/v2\/posts"}],"about":[{"href":"https:\/\/WWW.derivesdansleglisecatholique.fr\/index.php?rest_route=\/wp\/v2\/types\/post"}],"author":[{"embeddable":true,"href":"https:\/\/WWW.derivesdansleglisecatholique.fr\/index.php?rest_route=\/wp\/v2\/users\/2"}],"replies":[{"embeddable":true,"href":"https:\/\/WWW.derivesdansleglisecatholique.fr\/index.php?rest_route=%2Fwp%2Fv2%2Fcomments&post=2969"}],"version-history":[{"count":5,"href":"https:\/\/WWW.derivesdansleglisecatholique.fr\/index.php?rest_route=\/wp\/v2\/posts\/2969\/revisions"}],"predecessor-version":[{"id":3043,"href":"https:\/\/WWW.derivesdansleglisecatholique.fr\/index.php?rest_route=\/wp\/v2\/posts\/2969\/revisions\/3043"}],"wp:attachment":[{"href":"https:\/\/WWW.derivesdansleglisecatholique.fr\/index.php?rest_route=%2Fwp%2Fv2%2Fmedia&parent=2969"}],"wp:term":[{"taxonomy":"category","embeddable":true,"href":"https:\/\/WWW.derivesdansleglisecatholique.fr\/index.php?rest_route=%2Fwp%2Fv2%2Fcategories&post=2969"},{"taxonomy":"post_tag","embeddable":true,"href":"https:\/\/WWW.derivesdansleglisecatholique.fr\/index.php?rest_route=%2Fwp%2Fv2%2Ftags&post=2969"}],"curies":[{"name":"wp","href":"https:\/\/api.w.org\/{rel}","templated":true}]}}